{"id":127146,"date":"2026-01-06T09:33:33","date_gmt":"2026-01-06T09:33:33","guid":{"rendered":"https:\/\/www.europesays.com\/se\/127146\/"},"modified":"2026-01-06T09:33:33","modified_gmt":"2026-01-06T09:33:33","slug":"busskaos-pa-flera-hall-i-stockholm-sl-ser-bra-ut","status":"publish","type":"post","link":"https:\/\/www.europesays.com\/se\/127146\/","title":{"rendered":"Busskaos p\u00e5 flera h\u00e5ll i Stockholm \u2013 SL: \u201dSer bra ut\u201d"},"content":{"rendered":"<p>Publicerad 5 jan 2026 kl 19.34Uppdaterad 6 jan kl 00.06<\/p>\n<p>Bilder fr\u00e5n \u00c4lvsj\u00f6 station visar hur bussar tycks ha k\u00f6rt fast i sn\u00f6modden och en resen\u00e4r beskriver l\u00e4get som \u201dkaos\u201d.\u00a0<\/p>\n<p>I Danderyd har tv\u00e5 SL-bussar krockat efter att en buss inte kunnat bromsa i en nedf\u00f6rsbacke.\u00a0<\/p>\n<p>\u2013 B\u00e5da f\u00f6rarna \u00e4r f\u00f6rda till sjukhus, s\u00e4ger Mats Eriksson, presstalesperson hos polisen.<\/p>\n<p>SL uppger dock att trafikl\u00e4get f\u00f6r bussarna generellt \u00e4r \u201dbra\u201d.<\/p>\n<p>Senaste nyhetsklippen fr\u00e5n Expressen.<img   alt=\"\"\/><\/p>\n<p>Bussar stod huller om buller i \u00c4lvsj\u00f6 p\u00e5 m\u00e5ndagseftermiddagen.<\/p>\n<p>Foto: L\u00e4sarbild<\/p>\n<p>\u00d6ppna bild i helsk\u00e4rm<img loading=\"lazy\"   alt=\"\"\/><\/p>\n<p>Bussar blev st\u00e5ende i \u00c4lvsj\u00f6.<\/p>\n<p>Foto: L\u00e4sarbild<\/p>\n<p>\u00d6ppna bild i helsk\u00e4rm<img loading=\"lazy\"   alt=\"\"\/><\/p>\n<p>Tv\u00e5 bussar krockade i Danderyd.<\/p>\n<p>Foto: Janne \u00c5kesson\/Swepix<\/p>\n<p>\u00d6ppna bild i helsk\u00e4rm<img loading=\"lazy\"   alt=\"\"\/><\/p>\n<p>En buss fastnade i Londonviadukten p\u00e5 S\u00f6dermalm.<\/p>\n<p>Foto: L\u00e4sarbild<\/p>\n<p>\u00d6ppna bild i helsk\u00e4rm<\/p>\n<p>Bilder fr\u00e5n \u00c4lvsj\u00f6 station, tagna strax innan klockan 17.30, visar flera stillast\u00e5ende bussar i den viktiga knytpunkten f\u00f6r s\u00f6dra Stockholmstrafiken.\u00a0<\/p>\n<p>\u201dDet \u00e4r kaos vid \u00c4lvsj\u00f6 station. Stopp i busstrafiken \u00e5t b\u00e5da h\u00e5ll\u201d, skriver en resen\u00e4r.<\/p>\n<p>K\u00f6rf\u00e4lten vid stationen ser ut att vara n\u00e4rmast oplogade och t\u00e4ckta av sn\u00f6modd.\u00a0<\/p>\n<p>SL:s presstj\u00e4nst har inga uppgifter om problemen vid \u00c4lvsj\u00f6 station.\u00a0<\/p>\n<p>\u2013 Det \u00e4r ingenting jag kan bekr\u00e4fta. Men det \u00e4r klart att det \u00e4r en knutpunkt s\u00e5 det kan s\u00e4kert vara mycket trafik och vid 17.30 s\u00e5 \u00e4r det rusningstid ocks\u00e5, s\u00e4ger Aleksander Krajisnik vid SL:s pressjour.\u00a0<\/p>\n<p>\u2013 Att det skulle vara busskaos har jag inte f\u00e5tt till mig.\u00a0<\/p>\n<p>Tv\u00e5 bussar i krock<\/p>\n<p>Trafikverket informerar om att avfarten vid trafikplats <a href=\"https:\/\/www.expressen.se\/tagg\/location\/danderyds-sjukhus\/\" class=\"\" rel=\"nofollow noopener\" target=\"_blank\">Danderyds sjukhus<\/a> p\u00e5 E18 \u00e4r avst\u00e4ngd under b\u00e4rgningsarbetet.<\/p>\n<p>Vid 17.54 fick polisen larm om att tv\u00e5 SL-bussar krockat p\u00e5 M\u00f6rbyg\u00e5rdsv\u00e4gen.<\/p>\n<p>\u2013 En buss ska k\u00f6ra av i s\u00f6derg\u00e5ende riktning och f\u00e5r inte stopp p\u00e5 bussen n\u00e4r han ska l\u00e4mna f\u00f6retr\u00e4de f\u00f6r den som kommer fr\u00e5n andra h\u00e5llet. Det \u00e4r en nedf\u00f6rsbacke, s\u00e4ger Mats Eriksson.<\/p>\n<p>B\u00e5da busschauff\u00f6rerna har f\u00f6rts till sjukhus f\u00f6r kontroll. Tv\u00e5 passagerare befann sig i en av bussarna. Ingen av dem har skadats.\u00a0<\/p>\n<p>Polisen utreder h\u00e4ndelsen som misst\u00e4nkt v\u00e5llande till kroppsskada och bland annat trafikbrott.<\/p>\n<p>Resen\u00e4rer evakuerades: \u201dF\u00f6rv\u00e5nade\u201d<\/p>\n<p>Expressen har \u00e4ven f\u00e5tt uppgifter om att SL-buss 401 mot \u00c4lta vid 18-tiden fick evakueras efter att dess bakdel r\u00e5kat k\u00f6ra in i ett r\u00e4cke vid Londonviadukten i Stockholm.\u00a0<\/p>\n<p>\u2013 Busschauff\u00f6ren b\u00f6rjade gasa men den \u00e5kte bak\u00e5t. Vi var f\u00f6rv\u00e5nade \u00f6ver att den inte fick n\u00e5got f\u00e4ste. Den kom ingenstans. Busschauff\u00f6ren sa att alla f\u00e5r kliva ur. Sedan kom bussar bakom som stannade och sl\u00e4ppte ut folk. Det var verkligen halt n\u00e4r vi kom ut p\u00e5 v\u00e4gen, s\u00e4ger Adam Ytterberg, som befann sig p\u00e5 bussen.\u00a0<\/p>\n<p>Polisen var p\u00e5 plats f\u00f6r att leda om trafiken fram till 18.30.\u00a0<\/p>\n<p>\u2013 Bussen sitter fast i en sn\u00f6vall. Och d\u00e5 har ju bilar b\u00f6rjat k\u00f6ra p\u00e5 g\u00e5ngbanan och det tycker vi inte om, s\u00e4ger Mats Eriksson.<\/p>\n<p>\u2013 Man har ocks\u00e5 kontaktat gatukontoret f\u00f6r att f\u00f6rb\u00e4ttra plogningen. Man har plogat f\u00f6r smalt f\u00f6r att en buss ska kunna komma fram. Och det kan jag n\u00e4stan vittna om sj\u00e4lv som varit i trafiken i dag. Jag har en liten bil men det \u00e4r knappt att man f\u00e5r plats \u00e4nd\u00e5.\u00a0<\/p>\n<p>Stormen Anna skapade \u00e4ven problem f\u00f6r SL under helgen. P\u00e5 l\u00f6rdagen <a href=\"https:\/\/www.expressen.se\/nyheter\/sverige\/tio-bussar-fast-i-snoovadret\/\" rel=\"nofollow noopener\" target=\"_blank\">fastnade tio SL-bussar<\/a> i Tullinge och fler bussar k\u00f6rde fast under s\u00f6ndagen.<\/p>\n<p><strong>Hur ser trafikl\u00e4get ut just nu f\u00f6r SL-bussarna?\u00a0<\/strong><\/p>\n<p>\u2013 Generellt ser det bra ut. Vi tar oss fram, med viss varsamhet. Men det ser bra ut och det tyder p\u00e5 att kommunen och Trafikverket har kommit ikapp med sn\u00f6r\u00f6jningen, s\u00e4ger Aleksander Krajisnik.<\/p>\n","protected":false},"excerpt":{"rendered":"Publicerad 5 jan 2026 kl 19.34Uppdaterad 6 jan kl 00.06 Bilder fr\u00e5n \u00c4lvsj\u00f6 station visar hur bussar tycks&hellip;\n","protected":false},"author":2,"featured_media":127147,"comment_status":"","ping_status":"","sticky":false,"template":"","format":"standard","meta":{"footnotes":""},"categories":[12],"tags":[22,23,26,27,17,21,24,25,11804,13182,135,28,29,15,16,782,18,34,154,31,33,32,30,19,437,9026,12707,4070,20],"class_list":{"0":"post-127146","1":"post","2":"type-post","3":"status-publish","4":"format-standard","5":"has-post-thumbnail","7":"category-sverige","8":"tag-breaking-news","9":"tag-breakingnews","10":"tag-featured-news","11":"tag-featurednews","12":"tag-headlines","13":"tag-huvudnyheter","14":"tag-latest-news","15":"tag-latestnews","16":"tag-location-alvsjo","17":"tag-location-danderyds-sjukhus","18":"tag-location-stockholm","19":"tag-main-news","20":"tag-mainnews","21":"tag-news","22":"tag-nyheter","23":"tag-organization-sl","24":"tag-rubriker","25":"tag-se","26":"tag-sections-sverige","27":"tag-svenska","28":"tag-sverige","29":"tag-sweden","30":"tag-swedish","31":"tag-top-stories","32":"tag-topic-kollektivtrafik","33":"tag-topic-snoovader","34":"tag-topic-snorojning","35":"tag-topic-trafikolycka","36":"tag-topstories"},"share_on_mastodon":{"url":"https:\/\/pubeurope.com\/@se\/115847469860230163","error":""},"_links":{"self":[{"href":"https:\/\/www.europesays.com\/se\/wp-json\/wp\/v2\/posts\/127146","targetHints":{"allow":["GET"]}}],"collection":[{"href":"https:\/\/www.europesays.com\/se\/wp-json\/wp\/v2\/posts"}],"about":[{"href":"https:\/\/www.europesays.com\/se\/wp-json\/wp\/v2\/types\/post"}],"author":[{"embeddable":true,"href":"https:\/\/www.europesays.com\/se\/wp-json\/wp\/v2\/users\/2"}],"replies":[{"embeddable":true,"href":"https:\/\/www.europesays.com\/se\/wp-json\/wp\/v2\/comments?post=127146"}],"version-history":[{"count":0,"href":"https:\/\/www.europesays.com\/se\/wp-json\/wp\/v2\/posts\/127146\/revisions"}],"wp:featuredmedia":[{"embeddable":true,"href":"https:\/\/www.europesays.com\/se\/wp-json\/wp\/v2\/media\/127147"}],"wp:attachment":[{"href":"https:\/\/www.europesays.com\/se\/wp-json\/wp\/v2\/media?parent=127146"}],"wp:term":[{"taxonomy":"category","embeddable":true,"href":"https:\/\/www.europesays.com\/se\/wp-json\/wp\/v2\/categories?post=127146"},{"taxonomy":"post_tag","embeddable":true,"href":"https:\/\/www.europesays.com\/se\/wp-json\/wp\/v2\/tags?post=127146"}],"curies":[{"name":"wp","href":"https:\/\/api.w.org\/{rel}","templated":true}]}}