{"id":12715,"date":"2025-08-24T18:24:19","date_gmt":"2025-08-24T18:24:19","guid":{"rendered":"https:\/\/www.europesays.com\/se\/12715\/"},"modified":"2025-08-24T18:24:19","modified_gmt":"2025-08-24T18:24:19","slug":"man-kidnappades-flydde-i-poliskontroll-i-perstorp","status":"publish","type":"post","link":"https:\/\/www.europesays.com\/se\/12715\/","title":{"rendered":"Man kidnappades \u2013 flydde i poliskontroll i Perstorp"},"content":{"rendered":"<p>Publicerad 24 aug 2025 kl 05.04Uppdaterad kl 08.18<\/p>\n<p>En man i 25-\u00e5rs\u00e5ldern blev kidnappad av tv\u00e5 m\u00e4n i Perstorp och bortf\u00f6rd i en bil under l\u00f6rdagskv\u00e4llen.<\/p>\n<p>Samtidigt genomf\u00f6rde polisen en trafikkontroll i omr\u00e5det.<\/p>\n<p>\u2013 En bil kom k\u00f6randes och n\u00e4r den stannade s\u00e5 flydde en man ut ur bilen och kallade p\u00e5 polisernas uppm\u00e4rksamhet, s\u00e4ger J\u00f6rgen Winberg, jourutredningsbef\u00e4l vid Helsingborgspolisen, skriver <a href=\"https:\/\/www.hd.se\/2025-08-24\/blev-kidnappad-lyckades-fly-i-poliskontroll\/\" rel=\"nofollow noopener\" target=\"_blank\">HD<\/a>.<\/p>\n<p><img   alt=\"\"\/>\u00d6ppna bild i helsk\u00e4rm<\/p>\n<p>N\u00e4r det visade sig att mannen blivit kidnappad av de andra i bilen greps b\u00e5da m\u00e4nnen.\u00a0<\/p>\n<p>De \u00e4r i 30- respektive 20-\u00e5rs\u00e5ldern och misst\u00e4nks f\u00f6r m\u00e4nniskorov.<\/p>\n<p>VET DU MER? HAR DU BILDER?<\/p>\n<p>\u2022 Kontakta Expressen p\u00e5 <a href=\"https:\/\/www.expressen.se\/nyheter\/krim\/kidnappades-flydde-i-poliskontroll\/mailto:redaktion@expressen.se\" rel=\"nofollow noopener\" target=\"_blank\">tipsa@expressen.se\u00a0<\/a><\/p>\n<p>eller skicka SMS\/MMS till 0790-643 643<\/p>\n<p>\u2022 <a href=\"https:\/\/www.expressen.se\/nyheter\/har-du-ett-nyhetstips-eller-bilder\/\" rel=\"nofollow noopener\" target=\"_blank\">H\u00e4r kan du l\u00e4sa mer om hur du tipsar Expressen<\/a><\/p>\n<p>Visa mer<img alt=\"\"\/>Ljudklippet gick inte att spela upp<\/p>\n<p>F\u00f6rs\u00f6k igen senare<\/p>\n","protected":false},"excerpt":{"rendered":"Publicerad 24 aug 2025 kl 05.04Uppdaterad kl 08.18 En man i 25-\u00e5rs\u00e5ldern blev kidnappad av tv\u00e5 m\u00e4n i&hellip;\n","protected":false},"author":2,"featured_media":12716,"comment_status":"","ping_status":"","sticky":false,"template":"","format":"standard","meta":{"footnotes":""},"categories":[5],"tags":[22,23,26,27,17,21,24,25,28,29,15,16,400,18,34,666,31,33,32,30,19,20],"class_list":{"0":"post-12715","1":"post","2":"type-post","3":"status-publish","4":"format-standard","5":"has-post-thumbnail","7":"category-rubriker","8":"tag-breaking-news","9":"tag-breakingnews","10":"tag-featured-news","11":"tag-featurednews","12":"tag-headlines","13":"tag-huvudnyheter","14":"tag-latest-news","15":"tag-latestnews","16":"tag-main-news","17":"tag-mainnews","18":"tag-news","19":"tag-nyheter","20":"tag-organization-polisen","21":"tag-rubriker","22":"tag-se","23":"tag-sections-krim","24":"tag-svenska","25":"tag-sverige","26":"tag-sweden","27":"tag-swedish","28":"tag-top-stories","29":"tag-topstories"},"share_on_mastodon":{"url":"","error":""},"_links":{"self":[{"href":"https:\/\/www.europesays.com\/se\/wp-json\/wp\/v2\/posts\/12715","targetHints":{"allow":["GET"]}}],"collection":[{"href":"https:\/\/www.europesays.com\/se\/wp-json\/wp\/v2\/posts"}],"about":[{"href":"https:\/\/www.europesays.com\/se\/wp-json\/wp\/v2\/types\/post"}],"author":[{"embeddable":true,"href":"https:\/\/www.europesays.com\/se\/wp-json\/wp\/v2\/users\/2"}],"replies":[{"embeddable":true,"href":"https:\/\/www.europesays.com\/se\/wp-json\/wp\/v2\/comments?post=12715"}],"version-history":[{"count":0,"href":"https:\/\/www.europesays.com\/se\/wp-json\/wp\/v2\/posts\/12715\/revisions"}],"wp:featuredmedia":[{"embeddable":true,"href":"https:\/\/www.europesays.com\/se\/wp-json\/wp\/v2\/media\/12716"}],"wp:attachment":[{"href":"https:\/\/www.europesays.com\/se\/wp-json\/wp\/v2\/media?parent=12715"}],"wp:term":[{"taxonomy":"category","embeddable":true,"href":"https:\/\/www.europesays.com\/se\/wp-json\/wp\/v2\/categories?post=12715"},{"taxonomy":"post_tag","embeddable":true,"href":"https:\/\/www.europesays.com\/se\/wp-json\/wp\/v2\/tags?post=12715"}],"curies":[{"name":"wp","href":"https:\/\/api.w.org\/{rel}","templated":true}]}}