{"id":127150,"date":"2026-01-06T09:36:21","date_gmt":"2026-01-06T09:36:21","guid":{"rendered":"https:\/\/www.europesays.com\/se\/127150\/"},"modified":"2026-01-06T09:36:21","modified_gmt":"2026-01-06T09:36:21","slug":"farjestad-skrallde-mot-frolunda-en-stor-vinst-nwt","status":"publish","type":"post","link":"https:\/\/www.europesays.com\/se\/127150\/","title":{"rendered":"F\u00e4rjestad skr\u00e4llde mot Fr\u00f6lunda: \u201dEn stor vinst\u201d &#8211; NWT"},"content":{"rendered":"<ol>\n<li><a href=\"https:\/\/news.google.com\/rss\/articles\/CBMiigFBVV95cUxNUTB3ZE1CVHVCcllwaDZPYU8wZ2lPLTUxbGFtbVhGZ2t2VW1tMzhOM0dqbUFlWTZLS0RUbkEyd2VoTkpJWHVKdUhpOWZDd0FvNlZPbk96UVVpYllaYUpEU0E5SDZFdWwwOHlicGdaUEd2d2RWV05nNFJWQjhERW5oOUZDRkdRR0ktQnc?oc=5\" target=\"_blank\" rel=\"nofollow noopener\">F\u00e4rjestad skr\u00e4llde mot Fr\u00f6lunda: \u201dEn stor vinst\u201d<\/a>&nbsp;&nbsp;NWT<\/li>\n<li><a href=\"https:\/\/news.google.com\/rss\/articles\/CBMipAFBVV95cUxNcU1iSXJFMGlUZy1TZll5eThRQzZ2dXFwUmxrMHZpZUZleGRLQnBUeUJVOEgycTNKaDFRWVJxWDhKUVhTdlhFRFVKUFBTcHRaclFiRU5ERzhRTVhXRDlLZmxVSFdhcng2SDdqN1M0QlBicWhvbU1WdHFYc2NuaGhnODdPTU0xeW5uZ3pSLVpxUUNOU25oMjB1Y2M5SnBTR0JCQWluNg?oc=5\" target=\"_blank\" rel=\"nofollow noopener\">Ishockey: F\u00e4rjestad forts\u00e4tter skr\u00e4lla mot Fr\u00f6lunda \u2013 vann borta mot tabellettan<\/a>&nbsp;&nbsp;SVT Nyheter<\/li>\n<li><a href=\"https:\/\/news.google.com\/rss\/articles\/CBMilgFBVV95cUxQRWFlNkt6SUFxYlpiSzNobm1IZzE1WEYwVDJUZjl4Z2hQQXk4U3gwQ1d6NHlBZWZOUXNrV1pOZ0g2MkdNWlJ3bEd2Wm8tbi11TTF5V2JNTGt3OGpXTUdzQllfMC1PUTF2MmsxMnZGM2pLa0IzUDVLcl8waDdUZ2hlLTFETUNtM0xjMmZicFg5Z0o4aDF0TkE?oc=5\" target=\"_blank\" rel=\"nofollow noopener\">Slagsm\u00e5l i G\u00f6teborg: \u201dDet \u00e4r on\u00f6digt\u201d<\/a>&nbsp;&nbsp;Aftonbladet<\/li>\n<li><a href=\"https:\/\/news.google.com\/rss\/articles\/CBMiY0FVX3lxTFBlX0VFcGpWYS01ZTVES1VrWmpUbDlDaHpuSjEyaHUzeVlvZ0FvN3Aya2lsdkFydlRNTk1lRDVDb3lyWkpCMHJZM2dtVnY5M3pQd2tPVEdqS3FndUtpeEtCZW1RWQ?oc=5\" target=\"_blank\" rel=\"nofollow noopener\">SDHL: Seger i Fr\u00f6lundaborg<\/a>&nbsp;&nbsp;F\u00e4rjestad BK<\/li>\n<li><a href=\"https:\/\/news.google.com\/rss\/articles\/CBMiyAFBVV95cUxNRnZGdWJHS3dxVXlqZUZXUDBwRTdOQXh2UW9uS1hPUjV1cEFEdWFNaFhpWnhJUW0yaFA5d2RJZ0R3Mzc2bUFEeUI1c2VsU0VEeG5jbXB6MzVIRWhDQ1ZWR19yR3ByVEd4OGJrOEg0QTZZZkI5U3E3WFVTaEd0MUdHaUJ3WHhiVTVkYkotMm1nN19KX2lkMWtydFFVUExNQlNuRTlKX18zSXhQYUNnZW1zY21NbHdhVTAtTU5KaXhfNE8weXRDLWl0MQ?oc=5\" target=\"_blank\" rel=\"nofollow noopener\">Hanna Olsson m\u00e5lskytt n\u00e4r Fr\u00f6lunda HC f\u00f6rlorade<\/a>&nbsp;&nbsp;GP<\/li>\n<\/ol>\n","protected":false},"excerpt":{"rendered":"F\u00e4rjestad skr\u00e4llde mot Fr\u00f6lunda: \u201dEn stor vinst\u201d&nbsp;&nbsp;NWT Ishockey: F\u00e4rjestad forts\u00e4tter skr\u00e4lla mot Fr\u00f6lunda \u2013 vann borta mot tabellettan&nbsp;&nbsp;SVT&hellip;\n","protected":false},"author":2,"featured_media":127151,"comment_status":"","ping_status":"","sticky":false,"template":"","format":"standard","meta":{"footnotes":""},"categories":[68],"tags":[34,111,110,31,33,32,30],"class_list":{"0":"post-127150","1":"post","2":"type-post","3":"status-publish","4":"format-standard","5":"has-post-thumbnail","7":"category-sport","8":"tag-se","9":"tag-sport","10":"tag-sports","11":"tag-svenska","12":"tag-sverige","13":"tag-sweden","14":"tag-swedish"},"share_on_mastodon":{"url":"https:\/\/pubeurope.com\/@se\/115847481512676151","error":""},"_links":{"self":[{"href":"https:\/\/www.europesays.com\/se\/wp-json\/wp\/v2\/posts\/127150","targetHints":{"allow":["GET"]}}],"collection":[{"href":"https:\/\/www.europesays.com\/se\/wp-json\/wp\/v2\/posts"}],"about":[{"href":"https:\/\/www.europesays.com\/se\/wp-json\/wp\/v2\/types\/post"}],"author":[{"embeddable":true,"href":"https:\/\/www.europesays.com\/se\/wp-json\/wp\/v2\/users\/2"}],"replies":[{"embeddable":true,"href":"https:\/\/www.europesays.com\/se\/wp-json\/wp\/v2\/comments?post=127150"}],"version-history":[{"count":0,"href":"https:\/\/www.europesays.com\/se\/wp-json\/wp\/v2\/posts\/127150\/revisions"}],"wp:featuredmedia":[{"embeddable":true,"href":"https:\/\/www.europesays.com\/se\/wp-json\/wp\/v2\/media\/127151"}],"wp:attachment":[{"href":"https:\/\/www.europesays.com\/se\/wp-json\/wp\/v2\/media?parent=127150"}],"wp:term":[{"taxonomy":"category","embeddable":true,"href":"https:\/\/www.europesays.com\/se\/wp-json\/wp\/v2\/categories?post=127150"},{"taxonomy":"post_tag","embeddable":true,"href":"https:\/\/www.europesays.com\/se\/wp-json\/wp\/v2\/tags?post=127150"}],"curies":[{"name":"wp","href":"https:\/\/api.w.org\/{rel}","templated":true}]}}