{"id":127160,"date":"2026-01-06T09:50:10","date_gmt":"2026-01-06T09:50:10","guid":{"rendered":"https:\/\/www.europesays.com\/se\/127160\/"},"modified":"2026-01-06T09:50:10","modified_gmt":"2026-01-06T09:50:10","slug":"06-januari-10-00-misshandel-orebro","status":"publish","type":"post","link":"https:\/\/www.europesays.com\/se\/127160\/","title":{"rendered":"06 januari 10.00, Misshandel, \u00d6rebro"},"content":{"rendered":"<p>Under morgonen beordras flera patruller till en adress i \u00d6rebro med anledning av ett misst\u00e4nkt br\u00e5k i bostad. P\u00e5 adressen griper polispatrull en man i 35-\u00e5rs\u00e5ldern, anledningen \u00e4r att en kvinna som befinner sig i samma bostad har skador.\u00a0<br \/>F\u00f6runders\u00f6kning inleds med rubricering misshandel. Enligt s\u00e4rskild rutin har ett antal utrednings\u00e5tg\u00e4rder genomf\u00f6rts n\u00e4r polis hanterar \u00e4rende med v\u00e5ld i n\u00e4ra relation.\u00a0<\/p>\n<p>M\u00e5ls\u00e4ganden har inte tvingats s\u00f6ka akut sjukv\u00e5rd.<\/p>\n<p>G\u00e4rningsman kommer delges misstanke samt att \u00e5klagare kommer kontaktas f\u00f6r redovisning av hittills framkomna uppgifter. \u00c5klagare kommer d\u00e4refter fatta beslut om vidare frihetsber\u00f6vande i form av anh\u00e5llande alternativt att mannen ska f\u00f6rs\u00e4ttas p\u00e5 fri fot under utredningen.\u00a0<\/p>\n","protected":false},"excerpt":{"rendered":"Under morgonen beordras flera patruller till en adress i \u00d6rebro med anledning av ett misst\u00e4nkt br\u00e5k i bostad.&hellip;\n","protected":false},"author":2,"featured_media":54,"comment_status":"","ping_status":"","sticky":false,"template":"","format":"standard","meta":{"footnotes":""},"categories":[5],"tags":[22,23,26,27,17,21,24,25,28,29,15,16,18,34,31,33,32,30,19,20],"class_list":{"0":"post-127160","1":"post","2":"type-post","3":"status-publish","4":"format-standard","5":"has-post-thumbnail","7":"category-rubriker","8":"tag-breaking-news","9":"tag-breakingnews","10":"tag-featured-news","11":"tag-featurednews","12":"tag-headlines","13":"tag-huvudnyheter","14":"tag-latest-news","15":"tag-latestnews","16":"tag-main-news","17":"tag-mainnews","18":"tag-news","19":"tag-nyheter","20":"tag-rubriker","21":"tag-se","22":"tag-svenska","23":"tag-sverige","24":"tag-sweden","25":"tag-swedish","26":"tag-top-stories","27":"tag-topstories"},"share_on_mastodon":{"url":"https:\/\/pubeurope.com\/@se\/115847536524465861","error":""},"_links":{"self":[{"href":"https:\/\/www.europesays.com\/se\/wp-json\/wp\/v2\/posts\/127160","targetHints":{"allow":["GET"]}}],"collection":[{"href":"https:\/\/www.europesays.com\/se\/wp-json\/wp\/v2\/posts"}],"about":[{"href":"https:\/\/www.europesays.com\/se\/wp-json\/wp\/v2\/types\/post"}],"author":[{"embeddable":true,"href":"https:\/\/www.europesays.com\/se\/wp-json\/wp\/v2\/users\/2"}],"replies":[{"embeddable":true,"href":"https:\/\/www.europesays.com\/se\/wp-json\/wp\/v2\/comments?post=127160"}],"version-history":[{"count":0,"href":"https:\/\/www.europesays.com\/se\/wp-json\/wp\/v2\/posts\/127160\/revisions"}],"wp:featuredmedia":[{"embeddable":true,"href":"https:\/\/www.europesays.com\/se\/wp-json\/wp\/v2\/media\/54"}],"wp:attachment":[{"href":"https:\/\/www.europesays.com\/se\/wp-json\/wp\/v2\/media?parent=127160"}],"wp:term":[{"taxonomy":"category","embeddable":true,"href":"https:\/\/www.europesays.com\/se\/wp-json\/wp\/v2\/categories?post=127160"},{"taxonomy":"post_tag","embeddable":true,"href":"https:\/\/www.europesays.com\/se\/wp-json\/wp\/v2\/tags?post=127160"}],"curies":[{"name":"wp","href":"https:\/\/api.w.org\/{rel}","templated":true}]}}