{"id":127168,"date":"2026-01-06T09:58:07","date_gmt":"2026-01-06T09:58:07","guid":{"rendered":"https:\/\/www.europesays.com\/se\/127168\/"},"modified":"2026-01-06T09:58:07","modified_gmt":"2026-01-06T09:58:07","slug":"smhi-tidigarelagger-snovarning-galler-fran-tisdag-formiddag","status":"publish","type":"post","link":"https:\/\/www.europesays.com\/se\/127168\/","title":{"rendered":"SMHI tidigarel\u00e4gger sn\u00f6varning \u2013 g\u00e4ller fr\u00e5n tisdag f\u00f6rmiddag"},"content":{"rendered":"<p>Enligt varningen <a href=\"https:\/\/www.smhi.se\/vader\/prognoser-och-varningar\/varningar-och-meddelanden\/varningar\" rel=\"nofollow noopener\" target=\"_blank\">p\u00e5 SMHI:s hemsida<\/a> g\u00e4ller varningen f\u00f6r kraftigt sn\u00f6fall fr\u00e5n och med kl 16 p\u00e5 tisdagen, men nu v\u00e4ljer myndigheten att tidigarel\u00e4gga prognosen.<\/p>\n<p>\u2013 Den kommer att g\u00e4lla redan fr\u00e5n nu under f\u00f6rmiddagen, s\u00e5 snart vi hinner uppdatera. Det har redan nu b\u00f6rjat sn\u00f6a ganska kraftigt i de s\u00f6dra delarna av G\u00e4vleborgs l\u00e4n, sade meteorolog Linnea Rehn Wittskog vid niotiden p\u00e5 tisdagen.<\/p>\n<p>Uppemot 30 centimeter sn\u00f6<\/p>\n<p>Enligt varningen kommer det att komma 10\u201320 centimeter sn\u00f6 under tisdagen och onsdagen, men lokalt \u00e4nda upp till 30 centimeter.<\/p>\n<p>G\u00e4vletrakten har redan f\u00e5tt stora m\u00e4ngder sn\u00f6, vilket har slagit mot bland annat t\u00e5gtrafiken. Omr\u00e5det som nu ber\u00f6rs \u00e4r fr\u00e5n G\u00e4vle upp till Sundsvall d\u00e4r \u00e4ven \u00f6stra Dalarna och syd\u00f6stra J\u00e4mtland ber\u00f6rs. <\/p>\n<p>\u2013 Det \u00e4r str\u00e5k med sn\u00f6byar som driver in fr\u00e5n havet, och det \u00e4r sv\u00e5rt att s\u00e4ga var de h\u00e4r str\u00e5ken kommer att hamna, s\u00e4ger Linnea Rehn Wittskog.<\/p>\n<p>Ner till \u201340 grader i norr<\/p>\n<p>Enligt den nya prognosen g\u00e4ller sn\u00f6varningen till och med onsdag f\u00f6rmiddag.<\/p>\n<p>SMHI har flera varningar f\u00f6r sn\u00f6 och sn\u00f6byar l\u00e4nen i \u00f6stra Svealand och s\u00f6dra Norrlands kustland. Kylan i norr f\u00f6rst\u00e4rks och lokalt kan det bli minus 40 grader. <\/p>\n<p>I stora delar av \u00f6stra Svealand varnas f\u00f6r 5\u201310 centimeter sn\u00f6 fram till klockan 15 p\u00e5 tisdagen. Norrut ligger v\u00e4dervarningarna kvar l\u00e4ngre, fram till klockan 16 p\u00e5 onsdag.<\/p>\n","protected":false},"excerpt":{"rendered":"Enligt varningen p\u00e5 SMHI:s hemsida g\u00e4ller varningen f\u00f6r kraftigt sn\u00f6fall fr\u00e5n och med kl 16 p\u00e5 tisdagen, men&hellip;\n","protected":false},"author":2,"featured_media":127169,"comment_status":"","ping_status":"","sticky":false,"template":"","format":"standard","meta":{"footnotes":""},"categories":[5],"tags":[22,23,26,27,17,21,24,25,28,29,15,16,18,34,31,33,32,30,19,20],"class_list":{"0":"post-127168","1":"post","2":"type-post","3":"status-publish","4":"format-standard","5":"has-post-thumbnail","7":"category-rubriker","8":"tag-breaking-news","9":"tag-breakingnews","10":"tag-featured-news","11":"tag-featurednews","12":"tag-headlines","13":"tag-huvudnyheter","14":"tag-latest-news","15":"tag-latestnews","16":"tag-main-news","17":"tag-mainnews","18":"tag-news","19":"tag-nyheter","20":"tag-rubriker","21":"tag-se","22":"tag-svenska","23":"tag-sverige","24":"tag-sweden","25":"tag-swedish","26":"tag-top-stories","27":"tag-topstories"},"share_on_mastodon":{"url":"https:\/\/pubeurope.com\/@se\/115847567927364962","error":""},"_links":{"self":[{"href":"https:\/\/www.europesays.com\/se\/wp-json\/wp\/v2\/posts\/127168","targetHints":{"allow":["GET"]}}],"collection":[{"href":"https:\/\/www.europesays.com\/se\/wp-json\/wp\/v2\/posts"}],"about":[{"href":"https:\/\/www.europesays.com\/se\/wp-json\/wp\/v2\/types\/post"}],"author":[{"embeddable":true,"href":"https:\/\/www.europesays.com\/se\/wp-json\/wp\/v2\/users\/2"}],"replies":[{"embeddable":true,"href":"https:\/\/www.europesays.com\/se\/wp-json\/wp\/v2\/comments?post=127168"}],"version-history":[{"count":0,"href":"https:\/\/www.europesays.com\/se\/wp-json\/wp\/v2\/posts\/127168\/revisions"}],"wp:featuredmedia":[{"embeddable":true,"href":"https:\/\/www.europesays.com\/se\/wp-json\/wp\/v2\/media\/127169"}],"wp:attachment":[{"href":"https:\/\/www.europesays.com\/se\/wp-json\/wp\/v2\/media?parent=127168"}],"wp:term":[{"taxonomy":"category","embeddable":true,"href":"https:\/\/www.europesays.com\/se\/wp-json\/wp\/v2\/categories?post=127168"},{"taxonomy":"post_tag","embeddable":true,"href":"https:\/\/www.europesays.com\/se\/wp-json\/wp\/v2\/tags?post=127168"}],"curies":[{"name":"wp","href":"https:\/\/api.w.org\/{rel}","templated":true}]}}