{"id":127175,"date":"2026-01-06T10:06:11","date_gmt":"2026-01-06T10:06:11","guid":{"rendered":"https:\/\/www.europesays.com\/se\/127175\/"},"modified":"2026-01-06T10:06:11","modified_gmt":"2026-01-06T10:06:11","slug":"norra-skog-ger-en-lagesrapport-efter-stormen-johannes-jordbruksaktuellt","status":"publish","type":"post","link":"https:\/\/www.europesays.com\/se\/127175\/","title":{"rendered":"Norra Skog ger en l\u00e4gesrapport efter stormen Johannes &#8211; Jordbruksaktuellt"},"content":{"rendered":"<ol>\n<li><a href=\"https:\/\/news.google.com\/rss\/articles\/CBMilgFBVV95cUxQSGdGUzlqOUx1TkRITVJrTmtTbDY0Z01PenVJcl9EWFdwd3gyZmJENnRISTVnZjdKaS0tTllyNWgyVERCZFVUYVN3WDNiQ3VoTGhSSFpDMU1ueTFVdFVoRktBNjhTNkI3bFMzcUVHUmRzY25nY3lzM0syVl9GOWFndUxQZF9QQTlySGVsT3NqRUhUOGVKSHc?oc=5\" target=\"_blank\" rel=\"nofollow noopener\">Norra Skog ger en l\u00e4gesrapport efter stormen Johannes<\/a>&nbsp;&nbsp;Jordbruksaktuellt<\/li>\n<li><a href=\"https:\/\/news.google.com\/rss\/articles\/CBMifEFVX3lxTFBiMGN0OEdFT2ZrNURwRFRJajZQMlpyVWU5QjV1cjJiVmxSTkNKN2pCTUNKNF9YMG5PMGh0T3habnFBMTFGd1V0c3NYVDFvN1E1aEZOU1lkLUtVYml6dzNwUlM4RVNDX19qM05NN1ZXNHFpVF9VX0RFNEFJWjA?oc=5\" target=\"_blank\" rel=\"nofollow noopener\">Skadad skog g\u00f6ms i sn\u00f6: \u201dKan bli helt f\u00f6r\u00f6dande\u201d<\/a>&nbsp;&nbsp;DI<\/li>\n<li><a href=\"https:\/\/news.google.com\/rss\/articles\/CBMimwFBVV95cUxQektEU0FxZXI2ZEd1R1g2YmgyZHBaRW11MWRXMWJaRkpYVnJvMHltd0pOc3hFcnNENVBGTmtOWklzVEJtOXdsa082bUdKUmczdHI5b0xnZVRqMHRXY2ljWEt6Wnl2bm1ndlZDc21TR1hxNWs0cVEzV2VOd2JCcEQyZGV2UXk5MUZ2VF9IMmFUaldNLXdZREVtbTFEaw?oc=5\" target=\"_blank\" rel=\"nofollow noopener\">Expertens varning \u2013 farligare i skogen efter sn\u00f6stormen Anna<\/a>&nbsp;&nbsp;Sveriges Radio<\/li>\n<li><a href=\"https:\/\/news.google.com\/rss\/articles\/CBMijAFBVV95cUxQeUxMZllQQlotUldkT0twYlZ1eDQ5bU9lMWpLMUVkbVVIUWN5NFhCRkRlMFR3cXp4ZEc3RWVNdF9Qa1A0QkhjTU00dGFtenF3YmFidk1FQlJjaUtxRjYzYlRqSWpxbmY0TDNJTTBLUEFPU05CQVdGa2VrOUEzR2RZNnIwQnNhUXlEcVBnbA?oc=5\" target=\"_blank\" rel=\"nofollow noopener\">LEDARE: De stormf\u00e4llda tr\u00e4den kan allvarligt skada v\u00e5r ekonomi<\/a>&nbsp;&nbsp;Hudiksvalls Tidning<\/li>\n<li><a href=\"https:\/\/news.google.com\/rss\/articles\/CBMiekFVX3lxTFA1RXhHc19iV0RDT3E5TlZxSDJEa3J3LVlSdGxyYTR5aU1IQWFQTV93cGphVVUtSGptTDhmWHFNTzVBV0REN3gwci1DNmFkQVJrLUJLaU5XQmVJMjlsU3JMSkNZTFBBYWZFeTBsaXh2MUx0UnhkT3JZVnJn?oc=5\" target=\"_blank\" rel=\"nofollow noopener\">Helikoptern visar f\u00f6r\u00f6delsen efter stormen<\/a>&nbsp;&nbsp;ATL<\/li>\n<\/ol>\n","protected":false},"excerpt":{"rendered":"Norra Skog ger en l\u00e4gesrapport efter stormen Johannes&nbsp;&nbsp;Jordbruksaktuellt Skadad skog g\u00f6ms i sn\u00f6: \u201dKan bli helt f\u00f6r\u00f6dande\u201d&nbsp;&nbsp;DI Expertens&hellip;\n","protected":false},"author":2,"featured_media":88989,"comment_status":"","ping_status":"","sticky":false,"template":"","format":"standard","meta":{"footnotes":""},"categories":[5],"tags":[22,23,26,27,17,21,24,25,28,29,15,16,18,34,31,33,32,30,19,20],"class_list":{"0":"post-127175","1":"post","2":"type-post","3":"status-publish","4":"format-standard","5":"has-post-thumbnail","7":"category-rubriker","8":"tag-breaking-news","9":"tag-breakingnews","10":"tag-featured-news","11":"tag-featurednews","12":"tag-headlines","13":"tag-huvudnyheter","14":"tag-latest-news","15":"tag-latestnews","16":"tag-main-news","17":"tag-mainnews","18":"tag-news","19":"tag-nyheter","20":"tag-rubriker","21":"tag-se","22":"tag-svenska","23":"tag-sverige","24":"tag-sweden","25":"tag-swedish","26":"tag-top-stories","27":"tag-topstories"},"share_on_mastodon":{"url":"https:\/\/pubeurope.com\/@se\/115847599403321951","error":""},"_links":{"self":[{"href":"https:\/\/www.europesays.com\/se\/wp-json\/wp\/v2\/posts\/127175","targetHints":{"allow":["GET"]}}],"collection":[{"href":"https:\/\/www.europesays.com\/se\/wp-json\/wp\/v2\/posts"}],"about":[{"href":"https:\/\/www.europesays.com\/se\/wp-json\/wp\/v2\/types\/post"}],"author":[{"embeddable":true,"href":"https:\/\/www.europesays.com\/se\/wp-json\/wp\/v2\/users\/2"}],"replies":[{"embeddable":true,"href":"https:\/\/www.europesays.com\/se\/wp-json\/wp\/v2\/comments?post=127175"}],"version-history":[{"count":0,"href":"https:\/\/www.europesays.com\/se\/wp-json\/wp\/v2\/posts\/127175\/revisions"}],"wp:featuredmedia":[{"embeddable":true,"href":"https:\/\/www.europesays.com\/se\/wp-json\/wp\/v2\/media\/88989"}],"wp:attachment":[{"href":"https:\/\/www.europesays.com\/se\/wp-json\/wp\/v2\/media?parent=127175"}],"wp:term":[{"taxonomy":"category","embeddable":true,"href":"https:\/\/www.europesays.com\/se\/wp-json\/wp\/v2\/categories?post=127175"},{"taxonomy":"post_tag","embeddable":true,"href":"https:\/\/www.europesays.com\/se\/wp-json\/wp\/v2\/tags?post=127175"}],"curies":[{"name":"wp","href":"https:\/\/api.w.org\/{rel}","templated":true}]}}