{"id":127184,"date":"2026-01-06T10:15:34","date_gmt":"2026-01-06T10:15:34","guid":{"rendered":"https:\/\/www.europesays.com\/se\/127184\/"},"modified":"2026-01-06T10:15:34","modified_gmt":"2026-01-06T10:15:34","slug":"de-vill-pigga-upp-klara-strand-med-ett-gangstrak","status":"publish","type":"post","link":"https:\/\/www.europesays.com\/se\/127184\/","title":{"rendered":"De vill pigga upp Klara strand med ett g\u00e5ngstr\u00e5k"},"content":{"rendered":"<p class=\"ort\">Norrmalm<\/p>\n<p class=\"text\">Ett 2,5 kilometer l\u00e5ngt promenadstr\u00e5k l\u00e4ngs Klara strand, med bryggor, sittplatser och flytande planteringar. Det \u00e4r ett f\u00f6rslag skapat av stadsbyggnads- och landskapsarkitektkontoret Landskapslaget.<\/p>\n<p class=\"text\">Kontorets vd, Johan Forsman, bodde tills nyligen i omr\u00e5det och gick ofta p\u00e5 promenader. D\u00e5 v\u00e4xte tanken om att g\u00f6ra strandkanten mer tillg\u00e4nglig.<\/p>\n<p class=\"text\">\u2013 Med relativt sm\u00e5 kostnader skulle man kunna f\u00e5 ett helt nytt g\u00e5ngstr\u00e5k, s\u00e4ger han.<\/p>\n<p class=\"text\">Str\u00e5ket skulle g\u00e5 fr\u00e5n Karlbergs slott l\u00e4ngs Klarastrandsleden, f\u00f6rbi Centralen, till pendelb\u00e5tsbryggan vid Klara M\u00e4larstrand. En yta som i dag domineras av biltrafik.<\/p>\n<p class=\"text\">\u2013 Det hade knutits ihop med stadshuset, s\u00e5 att man skulle kunna g\u00e5 runt hela Klara sj\u00f6. <\/p>\n<p>Inga dyra material<\/p>\n<p class=\"text\">Johan Forsman menar att man med f\u00f6rslaget \u00e4ven hade kunnat bidra till vattenrening med hj\u00e4lp av v\u00e4xter.<\/p>\n<p class=\"text\">De har inte g\u00e5tt in p\u00e5 n\u00e5gra detaljer, d\u00e5 det \u00e4n s\u00e5 l\u00e4nge \u00e4r en id\u00e9skiss. D\u00e4remot tror Johan Forsman att det finns ett intresse. Han s\u00e4ger att han har varit i kontakt med flera personer inom staden, och att alla har varit positiva.<\/p>\n<p class=\"text\">Det hade inte varit gratis, men billigare \u00e4n m\u00e5nga andra projekt som staden genomf\u00f6r, menar han.<\/p>\n<p class=\"citat\">Hade beh\u00f6vts n\u00e5gra bullersk\u00e4rmar.<\/p>\n<p class=\"text\">\u2013 Det handlar om belysning, bryggor och g\u00e5ngar, inga dyra material i sig. Det \u00e4r klart att det kostar n\u00e5got, bland annat hade det kanske beh\u00f6vts n\u00e5gra bullersk\u00e4rmar.<\/p>\n<p>\u201dAlla g\u00e5r l\u00e4ngs Kungsholmssidan\u201d<\/p>\n<p class=\"text\">Han har f\u00e5tt fr\u00e5gan om det inte bullrar f\u00f6r mycket intill Klarastrandsleden f\u00f6r att n\u00e5gon ska vilja promenera d\u00e4r.<\/p>\n<p><img decoding=\"async\" class=\"Image Image_\" src=\"\" data-aghref=\"http:\/\/www.mitti.se\/image-3.353305.270073.20260106100455.1.510cd8fe0e\" data-agimagetype=\"hardcrop\" alt=\"G\u00e5ngstr\u00e5ket skulle f\u00e5 flytande v\u00e4xtlighet och g\u00e5ngbroar i tr\u00e4. Visionsbild.\"\/><\/p>\n<p class=\"Caption\">G\u00e5ngstr\u00e5ket skulle f\u00e5 flytande v\u00e4xtlighet och g\u00e5ngbroar i tr\u00e4. Visionsbild.<\/p>\n<p class=\"Source\">Landskapslaget<\/p>\n<p class=\"text\">\u2013 Men folk g\u00e5r p\u00e5 Kungsholmssidan \u00e4ven om det \u00e4r kompakt skugga p\u00e5 vintern, och det bullrar i princip lika mycket.<\/p>\n<p class=\"text\">Trafikborgarr\u00e5det Lars Str\u00f6mgren (MP) tycker att det \u00e4r ett inspirerande f\u00f6rslag. Han ber\u00e4ttar att de har satt i g\u00e5ng ett arbete med att f\u00f6rb\u00e4ttra g\u00e5ng- och cykelstr\u00e5ket p\u00e5 Kungsholmssidan av Klarabergssj\u00f6n och Klara sj\u00f6.<\/p>\n<p class=\"text\">\u201dJag tror att m\u00e5nga skulle v\u00e4lkomna om vi ocks\u00e5 kunde utveckla den andra sidan, som i dag domineras av biltrafik\u201d, skriver han i en kommentar.<\/p>\n<p class=\"text\">I h\u00f6stas kom <a target=\"_blank\" rel=\"noopener nofollow\" href=\"https:\/\/www.mitti.se\/nyheter\/forslaget-ge-stockholm-nordens-langsta-kaj-6.3.329812.ad616cd026\">Stockholms handelskammare med en rapport<\/a> om hur Stockholms vatten b\u00e4ttre skulle kunna utnyttjas. Bland annat har de ett f\u00f6rslag som liknar Landskapslagets, med en 5,4 kilometer l\u00e5ng kaj fr\u00e5n Karlbergs slott, l\u00e4ngs Klarastrandsleden, f\u00f6rbi Tegelbacken och Strandv\u00e4gen hela v\u00e4gen till Djurg\u00e5rdsbron.<\/p>\n","protected":false},"excerpt":{"rendered":"Norrmalm Ett 2,5 kilometer l\u00e5ngt promenadstr\u00e5k l\u00e4ngs Klara strand, med bryggor, sittplatser och flytande planteringar. Det \u00e4r ett&hellip;\n","protected":false},"author":2,"featured_media":127185,"comment_status":"","ping_status":"","sticky":false,"template":"","format":"standard","meta":{"footnotes":""},"categories":[5],"tags":[22,23,26,27,17,21,24,25,28,29,15,16,18,34,31,33,32,30,19,20],"class_list":{"0":"post-127184","1":"post","2":"type-post","3":"status-publish","4":"format-standard","5":"has-post-thumbnail","7":"category-rubriker","8":"tag-breaking-news","9":"tag-breakingnews","10":"tag-featured-news","11":"tag-featurednews","12":"tag-headlines","13":"tag-huvudnyheter","14":"tag-latest-news","15":"tag-latestnews","16":"tag-main-news","17":"tag-mainnews","18":"tag-news","19":"tag-nyheter","20":"tag-rubriker","21":"tag-se","22":"tag-svenska","23":"tag-sverige","24":"tag-sweden","25":"tag-swedish","26":"tag-top-stories","27":"tag-topstories"},"share_on_mastodon":{"url":"https:\/\/pubeurope.com\/@se\/115847634829091930","error":""},"_links":{"self":[{"href":"https:\/\/www.europesays.com\/se\/wp-json\/wp\/v2\/posts\/127184","targetHints":{"allow":["GET"]}}],"collection":[{"href":"https:\/\/www.europesays.com\/se\/wp-json\/wp\/v2\/posts"}],"about":[{"href":"https:\/\/www.europesays.com\/se\/wp-json\/wp\/v2\/types\/post"}],"author":[{"embeddable":true,"href":"https:\/\/www.europesays.com\/se\/wp-json\/wp\/v2\/users\/2"}],"replies":[{"embeddable":true,"href":"https:\/\/www.europesays.com\/se\/wp-json\/wp\/v2\/comments?post=127184"}],"version-history":[{"count":0,"href":"https:\/\/www.europesays.com\/se\/wp-json\/wp\/v2\/posts\/127184\/revisions"}],"wp:featuredmedia":[{"embeddable":true,"href":"https:\/\/www.europesays.com\/se\/wp-json\/wp\/v2\/media\/127185"}],"wp:attachment":[{"href":"https:\/\/www.europesays.com\/se\/wp-json\/wp\/v2\/media?parent=127184"}],"wp:term":[{"taxonomy":"category","embeddable":true,"href":"https:\/\/www.europesays.com\/se\/wp-json\/wp\/v2\/categories?post=127184"},{"taxonomy":"post_tag","embeddable":true,"href":"https:\/\/www.europesays.com\/se\/wp-json\/wp\/v2\/tags?post=127184"}],"curies":[{"name":"wp","href":"https:\/\/api.w.org\/{rel}","templated":true}]}}