{"id":127197,"date":"2026-01-06T10:34:08","date_gmt":"2026-01-06T10:34:08","guid":{"rendered":"https:\/\/www.europesays.com\/se\/127197\/"},"modified":"2026-01-06T10:34:08","modified_gmt":"2026-01-06T10:34:08","slug":"2006-ars-ackligaste-skrackfilm-fyller-20-ar-bisarr-ide-fick-liv-i-tarantinos-pool","status":"publish","type":"post","link":"https:\/\/www.europesays.com\/se\/127197\/","title":{"rendered":"2006 \u00e5rs \u00e4ckligaste skr\u00e4ckfilm fyller 20 \u00e5r &#8211; bisarr id\u00e9 fick liv i Tarantinos pool"},"content":{"rendered":"<p>I k\u00f6lvattnet av den ov\u00e4ntade skr\u00e4cksucc\u00e9n \u201dSaw\u201d (2004) uppstod den \u00f6k\u00e4nda genren tortyrporr och en av de f\u00f6rsta och mest omtalade filmerna som f\u00f6ljde var <strong>Eli Roths \u201dHostel\u201d<\/strong> (2006).<\/p>\n<p>Handlingen f\u00f6ljer unga, amerikanska turisterna Paxton (<strong>Jay Hern\u00e1ndez<\/strong>) och Josh (<strong>Derek Richardson<\/strong>) som efter examen beslutar sig f\u00f6r att resa genom Europa. I Amsterdam lockas de av rykten om ett vandrarhem i Slovakien d\u00e4r sexuella fantasier g\u00e5r att f\u00f6rverkliga.<\/p>\n<p>V\u00e4l p\u00e5 plats visar sig st\u00e4llet vara en d\u00f6dsf\u00e4lla: de blir kidnappade och s\u00e4ljs till en internationell grupp rika sadister som betalar f\u00f6r att tortera och d\u00f6da dem p\u00e5 brutala s\u00e4tt som en del av en grotesk \u201csport\u201d.<\/p>\n<p>Filmen hade premi\u00e4r den <strong>6 januari 2006<\/strong> och blev trots sin blygsamma budget p\u00e5 4,8 miljoner dollar en stor kommersiell framg\u00e5ng. Den \u00f6ppnade som etta p\u00e5 den amerikanska biotoppen och drog in omkring 82 miljoner dollar v\u00e4rlden \u00f6ver.<\/p>\n<p>Filmen chockade dock \u00e4ven publik och kritiker med grafiska och blodiga v\u00e5ldsscener. I <a href=\"https:\/\/www.moviezine.se\/recensioner\/arets-ackligaste-film\" rel=\"nofollow noopener\" target=\"_blank\">MovieZines recension<\/a> kallades den f\u00f6r \u201d\u00e5rets \u00e4ckligaste film\u201d.<\/p>\n<p>Brutaliteten gjorde ocks\u00e5 att filmen v\u00e4ckte stark kritik i Slovakien och Tjeckien, d\u00e4r myndigheter menade att filmen skadade deras l\u00e4nders image genom att framst\u00e4lla dem som farliga och dekadenta platser.<\/p>\n<p>Exekutiva producenten<strong> Quentin Tarantino<\/strong> (som \u00e4ven har en cameo) uppt\u00e4ckte Roth efter hans debut \u201dCabin Fever\u201d och imponerades av hans v\u00e5ghalsiga stil.<\/p>\n<p>Id\u00e9n till \u201dHostel\u201d ska ha uppkommit n\u00e4r Roth simmade i Tarantinos pool och diskuterade konceptet om turister som faller offer f\u00f6r brutala sadister.<\/p>\n<p>Filmens succ\u00e9 gav upphov till en franchise med tv\u00e5 uppf\u00f6ljare och en <a href=\"https:\/\/www.moviezine.se\/nyheter\/hostel-eli-roth-paul-giamatti-tv-serie\" rel=\"nofollow noopener\" target=\"_blank\">kommande TV-serie<\/a>, med Roth som skapare och Paul Giamatti kopplad till projektet. Hur mycket den kommer att chockera \u2013 eller vilka l\u00e4nder den retar upp \u2013 \u00e5terst\u00e5r att se.<\/p>\n<p>Du kan <strong>hyra\/k\u00f6pa<\/strong> \u201dHostel \u201dp\u00e5 <strong>SF Anytime<\/strong> och liknande tj\u00e4nster. Se trailern nedan:<\/p>\n<p><img loading=\"lazy\" decoding=\"async\" alt=\"YouTube video\" width=\"480\" height=\"360\" data-pin-nopin=\"true\" nopin=\"nopin\" class=\"perfmatters-lazy\" src=\"https:\/\/www.europesays.com\/se\/wp-content\/uploads\/2026\/01\/1767695648_74_hqdefault.jpg\"\/><\/p>\n<p>L\u00e4s ocks\u00e5: <a href=\"https:\/\/www.moviezine.se\/nyheter\/20-storsta-skrackfilmerna-fran-de-senaste-20-aren\" title=\"20 st\u00f6rsta skr\u00e4ckfilmerna fr\u00e5n de senaste 20 \u00e5ren\" class=\"underline-custom !font-montserrat !font-bold !underline-offset-4 !decoration-4 !decoration-moviezine-green !text-md\" rel=\"nofollow noopener\" target=\"_blank\">20 st\u00f6rsta skr\u00e4ckfilmerna fr\u00e5n de senaste 20 \u00e5ren<\/a><\/p>\n<p>L\u00e4s ocks\u00e5: <a href=\"https:\/\/www.moviezine.se\/nyheter\/10-blodigaste-skrackfilmerna-jag-nagonsin-sett\" title=\"Skr\u00e4ckexperten tipsar: 10 blodigaste filmerna jag n\u00e5gonsin sett\" class=\"underline-custom !font-montserrat !font-bold !underline-offset-4 !decoration-4 !decoration-moviezine-green !text-md\" rel=\"nofollow noopener\" target=\"_blank\">Skr\u00e4ckexperten tipsar: 10 blodigaste filmerna jag n\u00e5gonsin sett<\/a><\/p>\n","protected":false},"excerpt":{"rendered":"I k\u00f6lvattnet av den ov\u00e4ntade skr\u00e4cksucc\u00e9n \u201dSaw\u201d (2004) uppstod den \u00f6k\u00e4nda genren tortyrporr och en av de f\u00f6rsta&hellip;\n","protected":false},"author":2,"featured_media":127198,"comment_status":"","ping_status":"","sticky":false,"template":"","format":"standard","meta":{"footnotes":""},"categories":[67],"tags":[104,2903,4447,34,2054,31,33,32,30,105],"class_list":{"0":"post-127197","1":"post","2":"type-post","3":"status-publish","4":"format-standard","5":"has-post-thumbnail","7":"category-underhallning","8":"tag-entertainment","9":"tag-klassiker","10":"tag-quentin-tarantino","11":"tag-se","12":"tag-skrack","13":"tag-svenska","14":"tag-sverige","15":"tag-sweden","16":"tag-swedish","17":"tag-underhallning"},"share_on_mastodon":{"url":"https:\/\/pubeurope.com\/@se\/115847709522112118","error":""},"_links":{"self":[{"href":"https:\/\/www.europesays.com\/se\/wp-json\/wp\/v2\/posts\/127197","targetHints":{"allow":["GET"]}}],"collection":[{"href":"https:\/\/www.europesays.com\/se\/wp-json\/wp\/v2\/posts"}],"about":[{"href":"https:\/\/www.europesays.com\/se\/wp-json\/wp\/v2\/types\/post"}],"author":[{"embeddable":true,"href":"https:\/\/www.europesays.com\/se\/wp-json\/wp\/v2\/users\/2"}],"replies":[{"embeddable":true,"href":"https:\/\/www.europesays.com\/se\/wp-json\/wp\/v2\/comments?post=127197"}],"version-history":[{"count":0,"href":"https:\/\/www.europesays.com\/se\/wp-json\/wp\/v2\/posts\/127197\/revisions"}],"wp:featuredmedia":[{"embeddable":true,"href":"https:\/\/www.europesays.com\/se\/wp-json\/wp\/v2\/media\/127198"}],"wp:attachment":[{"href":"https:\/\/www.europesays.com\/se\/wp-json\/wp\/v2\/media?parent=127197"}],"wp:term":[{"taxonomy":"category","embeddable":true,"href":"https:\/\/www.europesays.com\/se\/wp-json\/wp\/v2\/categories?post=127197"},{"taxonomy":"post_tag","embeddable":true,"href":"https:\/\/www.europesays.com\/se\/wp-json\/wp\/v2\/tags?post=127197"}],"curies":[{"name":"wp","href":"https:\/\/api.w.org\/{rel}","templated":true}]}}