{"id":127209,"date":"2026-01-06T10:52:14","date_gmt":"2026-01-06T10:52:14","guid":{"rendered":"https:\/\/www.europesays.com\/se\/127209\/"},"modified":"2026-01-06T10:52:14","modified_gmt":"2026-01-06T10:52:14","slug":"eu-utreder-musks-chatbot-3","status":"publish","type":"post","link":"https:\/\/www.europesays.com\/se\/127209\/","title":{"rendered":"EU utreder Musks chatbot"},"content":{"rendered":"<p>Publicerad 6 jan 2026 kl 06.07Uppdaterad kl 07.17<\/p>\n<p>EU-kommissionen utreder X, sedan den integrerade chatboten Grok \u00e4n en g\u00e5ng hamnat i bl\u00e5sv\u00e4der.<\/p>\n<p>\u2013 Det \u00e4r avskyv\u00e4rt, s\u00e4ger kommissionens talesperson Tomas Regnier under en presskonferens.<\/p>\n<p>Senaste nyhetsklippen fr\u00e5n Expressen.<img   alt=\"\"\/><\/p>\n<p>Elon Musk.<\/p>\n<p>Foto: EVAN VUCCI \/ AP TT NYHETSBYR\u00c5N<\/p>\n<p>\u00d6ppna bild i helsk\u00e4rm<\/p>\n<p>I en senare uppdatering av Grok Imagine, skulle chatboten bli b\u00e4ttre p\u00e5 att skapa bilder baserat p\u00e5 anv\u00e4ndarens s\u00e5 kallade \u201dprompts\u201d.<\/p>\n<p>Efter uppdateringen har dock Grok skapat bilder med sexuellt inneh\u00e5ll med b\u00e5de barn och kvinnor, rapporterar bland annat <a href=\"https:\/\/www.cnbc.com\/2026\/01\/05\/india-eu-investigate-musks-x-after-grok-created-deepfake-child-porn.html\" rel=\"nofollow noopener\" target=\"_blank\">CNBC<\/a>.<\/p>\n<p>Under en <a href=\"https:\/\/audiovisual.ec.europa.eu\/en\/media\/video\/I-282956\" rel=\"nofollow noopener\" target=\"_blank\">presskonferens<\/a> s\u00e4ger <a href=\"https:\/\/www.expressen.se\/tagg\/organization\/eu\/\" class=\"\" rel=\"nofollow noopener\" target=\"_blank\">EU<\/a>-kommissionens talesperson Tomas Regnier att man \u201dallvarligt ser \u00f6ver\u201d det intr\u00e4ffade.<\/p>\n<p>\u2013 Vi \u00e4r medvetna om att Grok och X nu erbjuder ett \u201dspicy mode\u201d som visar explicit sexuellt inneh\u00e5ll med vissa bilder som liknar barn. Det h\u00e4r \u00e4r inte \u201dspicy\u201d, det h\u00e4r \u00e4r olagligt. Det \u00e4r avskyv\u00e4rt, det \u00e4r \u00e4ckligt, s\u00e4ger han.<\/p>\n<p>X skrev i helgen att f\u00f6retaget tar de nya anklagelserna p\u00e5 st\u00f6rsta allvar.<\/p>\n<p>\u201dVi vidtar \u00e5tg\u00e4rder mot olagligt inneh\u00e5ll p\u00e5 X, inklusive material som visar sexuella \u00f6vergrepp mot barn, genom att ta bort det, st\u00e4nga av konton permanent och samarbeta med lokala myndigheter och brottsbek\u00e4mpande organ vid behov,\u201d lyder uttalandet.<\/p>\n<p>Grok, som skapats av Elon Musks bolag XAI, har tidigare varit i bl\u00e5sv\u00e4der f\u00f6r bland annat uttalanden om F\u00f6rintelsen.\u00a0<\/p>\n","protected":false},"excerpt":{"rendered":"Publicerad 6 jan 2026 kl 06.07Uppdaterad kl 07.17 EU-kommissionen utreder X, sedan den integrerade chatboten Grok \u00e4n en&hellip;\n","protected":false},"author":2,"featured_media":127210,"comment_status":"","ping_status":"","sticky":false,"template":"","format":"standard","meta":{"footnotes":""},"categories":[65],"tags":[72,70,71,746,2172,984,34,61,31,33,32,30,64],"class_list":{"0":"post-127209","1":"post","2":"type-post","3":"status-publish","4":"format-standard","5":"has-post-thumbnail","7":"category-ekonomi","8":"tag-business","9":"tag-economy","10":"tag-ekonomi","11":"tag-organization-eu","12":"tag-organization-x","13":"tag-person-elon-musk","14":"tag-se","15":"tag-sections-tech","16":"tag-svenska","17":"tag-sverige","18":"tag-sweden","19":"tag-swedish","20":"tag-topic-artificiell-intelligens"},"share_on_mastodon":{"url":"https:\/\/pubeurope.com\/@se\/115847780259479722","error":""},"_links":{"self":[{"href":"https:\/\/www.europesays.com\/se\/wp-json\/wp\/v2\/posts\/127209","targetHints":{"allow":["GET"]}}],"collection":[{"href":"https:\/\/www.europesays.com\/se\/wp-json\/wp\/v2\/posts"}],"about":[{"href":"https:\/\/www.europesays.com\/se\/wp-json\/wp\/v2\/types\/post"}],"author":[{"embeddable":true,"href":"https:\/\/www.europesays.com\/se\/wp-json\/wp\/v2\/users\/2"}],"replies":[{"embeddable":true,"href":"https:\/\/www.europesays.com\/se\/wp-json\/wp\/v2\/comments?post=127209"}],"version-history":[{"count":0,"href":"https:\/\/www.europesays.com\/se\/wp-json\/wp\/v2\/posts\/127209\/revisions"}],"wp:featuredmedia":[{"embeddable":true,"href":"https:\/\/www.europesays.com\/se\/wp-json\/wp\/v2\/media\/127210"}],"wp:attachment":[{"href":"https:\/\/www.europesays.com\/se\/wp-json\/wp\/v2\/media?parent=127209"}],"wp:term":[{"taxonomy":"category","embeddable":true,"href":"https:\/\/www.europesays.com\/se\/wp-json\/wp\/v2\/categories?post=127209"},{"taxonomy":"post_tag","embeddable":true,"href":"https:\/\/www.europesays.com\/se\/wp-json\/wp\/v2\/tags?post=127209"}],"curies":[{"name":"wp","href":"https:\/\/api.w.org\/{rel}","templated":true}]}}