{"id":127212,"date":"2026-01-06T10:55:07","date_gmt":"2026-01-06T10:55:07","guid":{"rendered":"https:\/\/www.europesays.com\/se\/127212\/"},"modified":"2026-01-06T10:55:07","modified_gmt":"2026-01-06T10:55:07","slug":"infor-premiartraningen-2026-helsingborgs-if","status":"publish","type":"post","link":"https:\/\/www.europesays.com\/se\/127212\/","title":{"rendered":"Inf\u00f6r premi\u00e4rtr\u00e4ningen 2026 &#8211; Helsingborgs IF"},"content":{"rendered":"<p><strong>Klockan 17:30 kliver b\u00e5de herr- och damlaget in p\u00e5 Olympiaf\u00e4ltet Plan 10 f\u00f6r att s\u00e4tta ig\u00e5ng s\u00e4songen 2026. Nedan finns information om spelartrupperna f\u00f6r kv\u00e4llen.<\/strong><\/p>\n<p>Dam<\/p>\n<p>I damernas trupp kommer Alma Larsson att saknas ute p\u00e5 tr\u00e4ningsplanen. \u00d6vriga spelare, inklusive nyf\u00f6rv\u00e4rven Astrid Persson, Johanna Lindblom och Josephine Visted Nielsen, kommer att vara med n\u00e4r tr\u00e4ningen inleds.<\/p>\n<p>Evelina Bertilsson, Hanna Lundell, Cassandra Paulsson och Josephine Visted Nielsen kommer efter tr\u00e4ningsstart att utg\u00e5 fr\u00e5n den kollektiva tr\u00e4ningen f\u00f6r att forts\u00e4tta sin rehabilitering p\u00e5 gymmet.<\/p>\n<p>Herr<\/p>\n<p>Adam Akimey kommer att saknas p\u00e5 grund av spel i AFCON d\u00e4r Benin ig\u00e5r kv\u00e4ll \u00e5kte ut mot Egypten.<\/p>\n<p>Nyf\u00f6rv\u00e4rvet Daouda Amadou saknas p\u00e5 grund av pappersarbete medan Femi Awodesu kommer att vara med ute p\u00e5 planen.<\/p>\n<p>Med i tr\u00e4ning kommer den 20-\u00e5rige mittbacken Demba N\u2019diaye att vara. Fransmannen har en bakgrund i Le Havre och Angers akademier men tillh\u00f6rde senast Dunkerque.<\/p>\n<p>Lucas Landgren Persson, Melvin Ahlqvist, Jonathan Hasselqvist och Samely Bomboko \u00e4r akademispelarna som kommer att delta i premi\u00e4rtr\u00e4ningen.<\/p>\n<p>Kontraktsl\u00f6se Casper Ljung kommer ocks\u00e5 att vara med p\u00e5 den kollektiva tr\u00e4ningen.<\/p>\n","protected":false},"excerpt":{"rendered":"Klockan 17:30 kliver b\u00e5de herr- och damlaget in p\u00e5 Olympiaf\u00e4ltet Plan 10 f\u00f6r att s\u00e4tta ig\u00e5ng s\u00e4songen 2026.&hellip;\n","protected":false},"author":2,"featured_media":127213,"comment_status":"","ping_status":"","sticky":false,"template":"","format":"standard","meta":{"footnotes":""},"categories":[5],"tags":[22,23,26,27,17,21,24,25,28,29,15,16,18,34,31,33,32,30,19,20],"class_list":{"0":"post-127212","1":"post","2":"type-post","3":"status-publish","4":"format-standard","5":"has-post-thumbnail","7":"category-rubriker","8":"tag-breaking-news","9":"tag-breakingnews","10":"tag-featured-news","11":"tag-featurednews","12":"tag-headlines","13":"tag-huvudnyheter","14":"tag-latest-news","15":"tag-latestnews","16":"tag-main-news","17":"tag-mainnews","18":"tag-news","19":"tag-nyheter","20":"tag-rubriker","21":"tag-se","22":"tag-svenska","23":"tag-sverige","24":"tag-sweden","25":"tag-swedish","26":"tag-top-stories","27":"tag-topstories"},"share_on_mastodon":{"url":"https:\/\/pubeurope.com\/@se\/115847792138077291","error":""},"_links":{"self":[{"href":"https:\/\/www.europesays.com\/se\/wp-json\/wp\/v2\/posts\/127212","targetHints":{"allow":["GET"]}}],"collection":[{"href":"https:\/\/www.europesays.com\/se\/wp-json\/wp\/v2\/posts"}],"about":[{"href":"https:\/\/www.europesays.com\/se\/wp-json\/wp\/v2\/types\/post"}],"author":[{"embeddable":true,"href":"https:\/\/www.europesays.com\/se\/wp-json\/wp\/v2\/users\/2"}],"replies":[{"embeddable":true,"href":"https:\/\/www.europesays.com\/se\/wp-json\/wp\/v2\/comments?post=127212"}],"version-history":[{"count":0,"href":"https:\/\/www.europesays.com\/se\/wp-json\/wp\/v2\/posts\/127212\/revisions"}],"wp:featuredmedia":[{"embeddable":true,"href":"https:\/\/www.europesays.com\/se\/wp-json\/wp\/v2\/media\/127213"}],"wp:attachment":[{"href":"https:\/\/www.europesays.com\/se\/wp-json\/wp\/v2\/media?parent=127212"}],"wp:term":[{"taxonomy":"category","embeddable":true,"href":"https:\/\/www.europesays.com\/se\/wp-json\/wp\/v2\/categories?post=127212"},{"taxonomy":"post_tag","embeddable":true,"href":"https:\/\/www.europesays.com\/se\/wp-json\/wp\/v2\/tags?post=127212"}],"curies":[{"name":"wp","href":"https:\/\/api.w.org\/{rel}","templated":true}]}}