{"id":127226,"date":"2026-01-06T11:12:30","date_gmt":"2026-01-06T11:12:30","guid":{"rendered":"https:\/\/www.europesays.com\/se\/127226\/"},"modified":"2026-01-06T11:12:30","modified_gmt":"2026-01-06T11:12:30","slug":"trav-och-sophamtning-stalls-in-i-boden-for-kallt","status":"publish","type":"post","link":"https:\/\/www.europesays.com\/se\/127226\/","title":{"rendered":"Trav och soph\u00e4mtning st\u00e4lls in i Boden \u2013 f\u00f6r kallt"},"content":{"rendered":"<p>Bodentravet st\u00e4ller under tisdagen in sina V64-t\u00e4vlingar \u2013 f\u00f6r f\u00f6rsta g\u00e5ngen p\u00e5 \u00f6ver ett decennium. Anledningen \u00e4r att det v\u00e4ntas bli 30 minusgrader, vilket helt enkelt \u00e4r f\u00f6r kallt.<\/p>\n<p>\u2013 Vi vill alltid ge tr\u00e4nare och h\u00e4st\u00e4gare alla startm\u00f6jligheter som det bara g\u00e5r, men det finns gr\u00e4nser som vi m\u00e5ste f\u00f6rh\u00e5lla oss till, s\u00e4ger travbanechefen David Zimmer till Expressen.<\/p>\n<p>Men det \u00e4r inte bara h\u00e4starna som f\u00e5r vila, \u00e4ven stans sopbilar har f\u00e5tt ledigt p\u00e5 grund av kylan, rapporterar P4 Norrbotten. Kommunen uppger att kylan p\u00e5verkar sopbilarna f\u00f6r mycket och att man vill undvika skador.<\/p>\n<p>Omni \u00e4r politiskt obundna och oberoende. Vi str\u00e4var efter att ge fler perspektiv p\u00e5 nyheterna. Har du fr\u00e5gor eller synpunkter kring v\u00e5r rapportering? <a href=\"https:\/\/omni.se\/trav-och-sophamtning-stalls-in-i-boden-for-kallt\/a\/mailto:redaktion@omni.se\" class=\"ArticleActions_contactLink__W2F1M\" rel=\"nofollow noopener\" target=\"_blank\">Kontakta redaktionen<\/a><\/p>\n","protected":false},"excerpt":{"rendered":"Bodentravet st\u00e4ller under tisdagen in sina V64-t\u00e4vlingar \u2013 f\u00f6r f\u00f6rsta g\u00e5ngen p\u00e5 \u00f6ver ett decennium. Anledningen \u00e4r att&hellip;\n","protected":false},"author":2,"featured_media":127227,"comment_status":"","ping_status":"","sticky":false,"template":"","format":"standard","meta":{"footnotes":""},"categories":[12],"tags":[6505,22,23,415,26,27,17,21,24,25,28,29,15,12055,16,18,34,31,33,32,30,19,20,13193],"class_list":{"0":"post-127226","1":"post","2":"type-post","3":"status-publish","4":"format-standard","5":"has-post-thumbnail","7":"category-sverige","8":"tag-boden","9":"tag-breaking-news","10":"tag-breakingnews","11":"tag-djur-natur","12":"tag-featured-news","13":"tag-featurednews","14":"tag-headlines","15":"tag-huvudnyheter","16":"tag-latest-news","17":"tag-latestnews","18":"tag-main-news","19":"tag-mainnews","20":"tag-news","21":"tag-norrbotten","22":"tag-nyheter","23":"tag-rubriker","24":"tag-se","25":"tag-svenska","26":"tag-sverige","27":"tag-sweden","28":"tag-swedish","29":"tag-top-stories","30":"tag-topstories","31":"tag-v64"},"share_on_mastodon":{"url":"https:\/\/pubeurope.com\/@se\/115847858983201094","error":""},"_links":{"self":[{"href":"https:\/\/www.europesays.com\/se\/wp-json\/wp\/v2\/posts\/127226","targetHints":{"allow":["GET"]}}],"collection":[{"href":"https:\/\/www.europesays.com\/se\/wp-json\/wp\/v2\/posts"}],"about":[{"href":"https:\/\/www.europesays.com\/se\/wp-json\/wp\/v2\/types\/post"}],"author":[{"embeddable":true,"href":"https:\/\/www.europesays.com\/se\/wp-json\/wp\/v2\/users\/2"}],"replies":[{"embeddable":true,"href":"https:\/\/www.europesays.com\/se\/wp-json\/wp\/v2\/comments?post=127226"}],"version-history":[{"count":0,"href":"https:\/\/www.europesays.com\/se\/wp-json\/wp\/v2\/posts\/127226\/revisions"}],"wp:featuredmedia":[{"embeddable":true,"href":"https:\/\/www.europesays.com\/se\/wp-json\/wp\/v2\/media\/127227"}],"wp:attachment":[{"href":"https:\/\/www.europesays.com\/se\/wp-json\/wp\/v2\/media?parent=127226"}],"wp:term":[{"taxonomy":"category","embeddable":true,"href":"https:\/\/www.europesays.com\/se\/wp-json\/wp\/v2\/categories?post=127226"},{"taxonomy":"post_tag","embeddable":true,"href":"https:\/\/www.europesays.com\/se\/wp-json\/wp\/v2\/tags?post=127226"}],"curies":[{"name":"wp","href":"https:\/\/api.w.org\/{rel}","templated":true}]}}