{"id":127256,"date":"2026-01-06T11:57:16","date_gmt":"2026-01-06T11:57:16","guid":{"rendered":"https:\/\/www.europesays.com\/se\/127256\/"},"modified":"2026-01-06T11:57:16","modified_gmt":"2026-01-06T11:57:16","slug":"att-vara-snygg-far-dodliga-bieffekter-i-trailern-till-the-beauty","status":"publish","type":"post","link":"https:\/\/www.europesays.com\/se\/127256\/","title":{"rendered":"Att vara snygg f\u00e5r d\u00f6dliga bieffekter i trailern till &#8221;The Beauty&#8221;"},"content":{"rendered":"<p>I den nya trailern till <strong>Ryan Murphys<\/strong> kommande serie \u201d<a href=\"https:\/\/www.moviezine.se\/series\/the-beauty\" rel=\"nofollow noopener\" target=\"_blank\">The Beauty<\/a>\u201d f\u00e5r vi se en glimt av vad som v\u00e4ntar i den \u201d<a href=\"https:\/\/www.moviezine.se\/movies\/the-substance\" rel=\"nofollow noopener\" target=\"_blank\">The Substance<\/a>\u201d-inspirerade historien. \u00d6verdrivna karakt\u00e4rer, vidriga effekter och en <strong>Ashton Kutcher<\/strong> som ser ut att g\u00f6ra sitt livs roll \u00e4r i farten. <\/p>\n<p>Serien kretsar kring en techmiljard\u00e4r (Kutcher) som i hemlighet har skapat sk\u00f6nhetsdrogen \u201dThe Beauty\u201d, en substans som g\u00f6r dig snygg, sexig och \u00e5tr\u00e5v\u00e4rd. Men som med det mesta i livet finns det en bieffekt \u2013 i det h\u00e4r fallet s\u00e5 allvarlig att den kan vara d\u00f6dlig.<\/p>\n<p>L\u00e4s ocks\u00e5: <a href=\"https:\/\/www.moviezine.se\/nyheter\/skamlost-underhallande-finsk-actionchock-slapps-digitalt-idag\" title=\"\u201dSkaml\u00f6st underh\u00e5llande\u201d finsk actionchock sl\u00e4pps digitalt idag\" class=\"underline-custom !font-montserrat !font-bold !underline-offset-4 !decoration-4 !decoration-moviezine-green !text-md\" rel=\"nofollow noopener\" target=\"_blank\">\u201dSkaml\u00f6st underh\u00e5llande\u201d finsk actionchock sl\u00e4pps digitalt idag<\/a><\/p>\n<p><img loading=\"lazy\" height=\"365\" width=\"648\" class=\"wp-image-710244 sp-no-webp perfmatters-lazy\" alt=\"\" decoding=\"async\" src=\"https:\/\/www.europesays.com\/se\/wp-content\/uploads\/2026\/01\/The-Beauty-ashton-kutcher-648x365.jpg\"  data-\/> <\/p>\n<p>Samtidigt b\u00f6rjar FBI-agenterna Cooper Madsen (<strong>Evan Peters<\/strong>) och Jordan Bennett (<strong>Rebecca Hall<\/strong>) gr\u00e4va i varf\u00f6r internationella supermodeller kolar av under konstiga omst\u00e4ndigheter. Sp\u00e5ren leder till en viss miljard\u00e4r, men han har inga planer p\u00e5 att \u00e5ka fast. <\/p>\n<p>D\u00e4rf\u00f6r sl\u00e4pper han d\u00e4rf\u00f6r l\u00f6s sin d\u00f6dliga hantlangare The Assassin (<strong>Anthony Ramo<\/strong>s) i hopp om att inte bli uppsp\u00e5rad av agenterna. Vad kan g\u00e5 fel? <\/p>\n<p>L\u00e4s ocks\u00e5: <a href=\"https:\/\/www.moviezine.se\/nyheter\/arets-forsta-sci-fi-rysare-har-slappts-och-den-delar-publiken\" title=\"\u00c5rets f\u00f6rsta sci-fi-rysare har sl\u00e4ppts \u2013 och den delar publiken\" class=\"underline-custom !font-montserrat !font-bold !underline-offset-4 !decoration-4 !decoration-moviezine-green !text-md\" rel=\"nofollow noopener\" target=\"_blank\">\u00c5rets f\u00f6rsta sci-fi-rysare har sl\u00e4ppts \u2013 och den delar publiken<\/a><\/p>\n<p><img loading=\"lazy\" height=\"365\" width=\"648\" class=\"wp-image-710243 sp-no-webp perfmatters-lazy\" alt=\"\" decoding=\"async\" src=\"https:\/\/www.europesays.com\/se\/wp-content\/uploads\/2026\/01\/The-Beauty-1-648x365.jpg\"  data-\/> <\/p>\n<p>Se upp f\u00f6r g\u00e4ststj\u00e4rnor som Bella Hadid, Ben Platt, Billy Eichner, Isabella Rossellini, Lux Pascal, Meghan Trainor, Nicola Peltz Beckham, Peter Gallagher, och Vincent D\u2019Onofrio.<\/p>\n<p>Ryan Murphy har tidigare gett oss serier som \u201d<a href=\"https:\/\/www.moviezine.se\/series\/glee\" rel=\"nofollow noopener\" target=\"_blank\">Glee<\/a>\u201d, \u201d<a href=\"https:\/\/www.moviezine.se\/series\/american-horror-story\" rel=\"nofollow noopener\" target=\"_blank\">American Horror Story<\/a>\u201d och \u201d<a href=\"https:\/\/www.moviezine.se\/series\/monster-the-ed-gein-story\" rel=\"nofollow noopener\" target=\"_blank\">Monster<\/a>\u201d. Serien f\u00e5r premi\u00e4r den 21 januari p\u00e5 Disney+. Se den nya trailern: <\/p>\n<p><img loading=\"lazy\" decoding=\"async\" alt=\"YouTube video\" width=\"480\" height=\"360\" data-pin-nopin=\"true\" nopin=\"nopin\" class=\"perfmatters-lazy\" src=\"https:\/\/www.europesays.com\/se\/wp-content\/uploads\/2026\/01\/1767700636_932_hqdefault.jpg\"\/><\/p>\n<p>L\u00e4s ocks\u00e5: <a href=\"https:\/\/www.moviezine.se\/nyheter\/11-skrackfilmer-du-inte-far-missa-2026\" title=\"11 skr\u00e4ckfilmer du inte f\u00e5r missa 2026\" class=\"underline-custom !font-montserrat !font-bold !underline-offset-4 !decoration-4 !decoration-moviezine-green !text-md\" rel=\"nofollow noopener\" target=\"_blank\">11 skr\u00e4ckfilmer du inte f\u00e5r missa 2026<\/a><\/p>\n","protected":false},"excerpt":{"rendered":"I den nya trailern till Ryan Murphys kommande serie \u201dThe Beauty\u201d f\u00e5r vi se en glimt av vad&hellip;\n","protected":false},"author":2,"featured_media":127257,"comment_status":"","ping_status":"","sticky":false,"template":"","format":"standard","meta":{"footnotes":""},"categories":[66],"tags":[12608,4865,3242,80,78,79,34,31,33,32,30,81,84,2044,83,82],"class_list":{"0":"post-127256","1":"post","2":"type-post","3":"status-publish","4":"format-standard","5":"has-post-thumbnail","7":"category-vetenskap-och-teknik","8":"tag-disney-2","9":"tag-disney","10":"tag-kommande-serier","11":"tag-science","12":"tag-science-and-technology","13":"tag-scienceandtechnology","14":"tag-se","15":"tag-svenska","16":"tag-sverige","17":"tag-sweden","18":"tag-swedish","19":"tag-technology","20":"tag-teknik","21":"tag-trailer","22":"tag-vetenskap","23":"tag-vetenskapteknik"},"share_on_mastodon":{"url":"https:\/\/pubeurope.com\/@se\/115848035971367632","error":""},"_links":{"self":[{"href":"https:\/\/www.europesays.com\/se\/wp-json\/wp\/v2\/posts\/127256","targetHints":{"allow":["GET"]}}],"collection":[{"href":"https:\/\/www.europesays.com\/se\/wp-json\/wp\/v2\/posts"}],"about":[{"href":"https:\/\/www.europesays.com\/se\/wp-json\/wp\/v2\/types\/post"}],"author":[{"embeddable":true,"href":"https:\/\/www.europesays.com\/se\/wp-json\/wp\/v2\/users\/2"}],"replies":[{"embeddable":true,"href":"https:\/\/www.europesays.com\/se\/wp-json\/wp\/v2\/comments?post=127256"}],"version-history":[{"count":0,"href":"https:\/\/www.europesays.com\/se\/wp-json\/wp\/v2\/posts\/127256\/revisions"}],"wp:featuredmedia":[{"embeddable":true,"href":"https:\/\/www.europesays.com\/se\/wp-json\/wp\/v2\/media\/127257"}],"wp:attachment":[{"href":"https:\/\/www.europesays.com\/se\/wp-json\/wp\/v2\/media?parent=127256"}],"wp:term":[{"taxonomy":"category","embeddable":true,"href":"https:\/\/www.europesays.com\/se\/wp-json\/wp\/v2\/categories?post=127256"},{"taxonomy":"post_tag","embeddable":true,"href":"https:\/\/www.europesays.com\/se\/wp-json\/wp\/v2\/tags?post=127256"}],"curies":[{"name":"wp","href":"https:\/\/api.w.org\/{rel}","templated":true}]}}