{"id":127260,"date":"2026-01-06T12:01:09","date_gmt":"2026-01-06T12:01:09","guid":{"rendered":"https:\/\/www.europesays.com\/se\/127260\/"},"modified":"2026-01-06T12:01:09","modified_gmt":"2026-01-06T12:01:09","slug":"just-nu-gul-varning-for-snofall-i-varmland-upp-till-25-centimeter-vantas-nwt","status":"publish","type":"post","link":"https:\/\/www.europesays.com\/se\/127260\/","title":{"rendered":"JUST NU: Gul varning f\u00f6r sn\u00f6fall i V\u00e4rmland \u2013 upp till 25 centimeter v\u00e4ntas &#8211; NWT"},"content":{"rendered":"<ol>\n<li><a href=\"https:\/\/news.google.com\/rss\/articles\/CBMiowFBVV95cUxNSG1namNRZUN0eFk3dU1UU1p2SHN5TkpkdDlvXzNUUHVOcHIwdWdOMExxT1VwWE1NQUxDQWxIMERyVzFLcmxnMWhfQlpWS2xWdS12TGJLQ3VCTzN2anBEVHJrY1R1dnRuU1VCdDZ3TDJvWUxGbllNMlFxUDhHaVk4cDZNQkFiQ0E1cTNHMEREM25GTjJ4Qlo4bEIxNFFDTUZGdktV?oc=5\" target=\"_blank\" rel=\"nofollow noopener\">JUST NU: Gul varning f\u00f6r sn\u00f6fall i V\u00e4rmland \u2013 upp till 25 centimeter v\u00e4ntas<\/a>&nbsp;&nbsp;NWT<\/li>\n<li><a href=\"https:\/\/news.google.com\/rss\/articles\/CBMifEFVX3lxTFBYMDc5TUZ3cDNfU0FQVGh1Q1Y3SEZENElzSnZoVkpGVG9WT0E5aGxRTWEzYUxTNDJfaHhLZi1aMnkwSldPNC1fcjBBelMtZU11OWx3QUZWRU1JQ2xUTy02SnJpUmdFVjhHdllJUEhpSkpxd2hUbDNOYkRrODQ?oc=5\" target=\"_blank\" rel=\"nofollow noopener\">Ny v\u00e4dervarning \u00f6ver Mullsj\u00f6<\/a>&nbsp;&nbsp;SVT Nyheter<\/li>\n<li><a href=\"https:\/\/news.google.com\/rss\/articles\/CBMiekFVX3lxTE9DWU5xRi12T2xYWGVwdEo3RW53LTIzdG1XQWprcVZaMU4zbEQ1UE94bkZlN3lROTU1MzJsbnF4QzBFc2NQcGUwd1hrWlFTV3lwYm5jeXBqNkxKUUR6cTVtbjlDQU5JemtMTFlzMVRFaTlUd3FuOE1ncDJB?oc=5\" target=\"_blank\" rel=\"nofollow noopener\">Ny sn\u00f6smocka \u2013 uppemot 25 cm v\u00e4ntas<\/a>&nbsp;&nbsp;Sveriges Radio<\/li>\n<li><a href=\"https:\/\/news.google.com\/rss\/articles\/CBMiekFVX3lxTE1hSGFNb24tWnRkV3pOTi1DSmdPWG9SOVRsb1owX2xOMDluQzNtb1piZ05NaFRKSWVXQ0huY1hfNXh5Q1BFeUhOTWwtR3ZYd0FFMDNEOEkybFFjQld6MTVPdFFlUjB3UE9wZVI2QktwY21VTmZyNnpZR1Vn?oc=5\" target=\"_blank\" rel=\"nofollow noopener\">SMHI varnar f\u00f6r \u00e4nnu mer sn\u00f6kaos: \u201dDet beror p\u00e5 vinden\u201d<\/a>&nbsp;&nbsp;VF<\/li>\n<li><a href=\"https:\/\/news.google.com\/rss\/articles\/CBMisgFBVV95cUxQMmtJN0EzQkhwRmJXRTgzVTZqRVFjT1JxTkxQMHlMU0d6X0JHYkpKRGhuUEk1OFlWQlMwNWtPaEpkMUtIOEQ5dTB6V1NuRXUtS2ZHd3RsbWhiZG5ua21LM3hDVERFNkx0Z3hGWDFtWFJFLWZ1UFFDM0lCLTR6bUlzWUE0MFBPZXhxMExXUHRpQVBXczdDRkxvcndrSW56MC16cmVzSlhQNWQwVzlHeXBRQ3hB?oc=5\" target=\"_blank\" rel=\"nofollow noopener\">JUST NU: SMHI varnar f\u00f6r kraftigt sn\u00f6fall \u2013 kan bli uppemot 25 centimeter<\/a>&nbsp;&nbsp;provinstidningen.se<\/li>\n<\/ol>\n","protected":false},"excerpt":{"rendered":"JUST NU: Gul varning f\u00f6r sn\u00f6fall i V\u00e4rmland \u2013 upp till 25 centimeter v\u00e4ntas&nbsp;&nbsp;NWT Ny v\u00e4dervarning \u00f6ver Mullsj\u00f6&nbsp;&nbsp;SVT&hellip;\n","protected":false},"author":2,"featured_media":127261,"comment_status":"","ping_status":"","sticky":false,"template":"","format":"standard","meta":{"footnotes":""},"categories":[5],"tags":[22,23,26,27,17,21,24,25,28,29,15,16,18,34,31,33,32,30,19,20],"class_list":{"0":"post-127260","1":"post","2":"type-post","3":"status-publish","4":"format-standard","5":"has-post-thumbnail","7":"category-rubriker","8":"tag-breaking-news","9":"tag-breakingnews","10":"tag-featured-news","11":"tag-featurednews","12":"tag-headlines","13":"tag-huvudnyheter","14":"tag-latest-news","15":"tag-latestnews","16":"tag-main-news","17":"tag-mainnews","18":"tag-news","19":"tag-nyheter","20":"tag-rubriker","21":"tag-se","22":"tag-svenska","23":"tag-sverige","24":"tag-sweden","25":"tag-swedish","26":"tag-top-stories","27":"tag-topstories"},"share_on_mastodon":{"url":"https:\/\/pubeurope.com\/@se\/115848051604423840","error":""},"_links":{"self":[{"href":"https:\/\/www.europesays.com\/se\/wp-json\/wp\/v2\/posts\/127260","targetHints":{"allow":["GET"]}}],"collection":[{"href":"https:\/\/www.europesays.com\/se\/wp-json\/wp\/v2\/posts"}],"about":[{"href":"https:\/\/www.europesays.com\/se\/wp-json\/wp\/v2\/types\/post"}],"author":[{"embeddable":true,"href":"https:\/\/www.europesays.com\/se\/wp-json\/wp\/v2\/users\/2"}],"replies":[{"embeddable":true,"href":"https:\/\/www.europesays.com\/se\/wp-json\/wp\/v2\/comments?post=127260"}],"version-history":[{"count":0,"href":"https:\/\/www.europesays.com\/se\/wp-json\/wp\/v2\/posts\/127260\/revisions"}],"wp:featuredmedia":[{"embeddable":true,"href":"https:\/\/www.europesays.com\/se\/wp-json\/wp\/v2\/media\/127261"}],"wp:attachment":[{"href":"https:\/\/www.europesays.com\/se\/wp-json\/wp\/v2\/media?parent=127260"}],"wp:term":[{"taxonomy":"category","embeddable":true,"href":"https:\/\/www.europesays.com\/se\/wp-json\/wp\/v2\/categories?post=127260"},{"taxonomy":"post_tag","embeddable":true,"href":"https:\/\/www.europesays.com\/se\/wp-json\/wp\/v2\/tags?post=127260"}],"curies":[{"name":"wp","href":"https:\/\/api.w.org\/{rel}","templated":true}]}}