{"id":127295,"date":"2026-01-06T12:47:34","date_gmt":"2026-01-06T12:47:34","guid":{"rendered":"https:\/\/www.europesays.com\/se\/127295\/"},"modified":"2026-01-06T12:47:34","modified_gmt":"2026-01-06T12:47:34","slug":"erik-gustafsson-och-djurgarden-i-tat-dialog-om-en-aterkomst-shl","status":"publish","type":"post","link":"https:\/\/www.europesays.com\/se\/127295\/","title":{"rendered":"Erik Gustafsson och Djurg\u00e5rden i t\u00e4t dialog om en \u00e5terkomst | SHL"},"content":{"rendered":"<p>Publicerad 5 jan 2026 kl 07.04Uppdaterad kl 10.31<\/p>\n<p>H\u00e4r \u00e4r Djurg\u00e5rdens dr\u00f6mv\u00e4rvning till h\u00f6sten.<\/p>\n<p>Enligt uppgifter till Expressen finns en djupg\u00e5ende dialog med 33-\u00e5rige Erik Gustafsson.<\/p>\n<p>Det finns en \u00f6msesidig dialog om en \u00e5terkomst till klubben i h\u00f6st.<\/p>\n<p><img   alt=\"\"\/><\/p>\n<p>Erik Gustafsson.<\/p>\n<p>Foto: MAXIM THORE \/ BILDBYR\u00c5N<\/p>\n<p>\u00d6ppna bild i helsk\u00e4rm<\/p>\n<p>Erik Gustafsson kom fram i samband med att Djurg\u00e5rden \u00e5kte ur elitserien 2012. D\u00e5 fick han en stor chans i klubbens allsvenska lag som 20-\u00e5ring. Det blev succ\u00e9 och han fortsatte resan till Fr\u00f6lunda, d\u00e4r han etablerade sig som <a href=\"https:\/\/www.expressen.se\/tagg\/organization\/shl\/\" class=\"\" rel=\"nofollow noopener\" target=\"_blank\">SHL<\/a>-spelare och fick senare ett NHL-kontrakt.<\/p>\n<p>Nu \u00e4r han inne p\u00e5 sitt elfte \u00e5r som spelare borta i Nordamerika och har under karri\u00e4ren spelat \u00f6ver 500 NHL-matcher. Den h\u00e4r s\u00e4songen har det dock handlat om AHL-spel i Grand Rapids, f\u00f6rutom en NHL-match.<\/p>\n<p>Samtidigt g\u00e5r kontraktet ut.<\/p>\n<p>Diskuterar ett l\u00e4ngre kontrakt med Dif<\/p>\n<p>Nu pekar mycket p\u00e5 en \u00e5terkomst i SHL, enligt uppgifter till Expressen.\u00a0<\/p>\n<p>Gustafsson och Djurg\u00e5rden har under en l\u00e4ngre tid haft en dialog, och det \u00e4r ganska mycket som pekar p\u00e5 att man lyckas sy ihop ett kontrakt av l\u00e4ngre slag, som b\u00f6rjar g\u00e4lla fr\u00e5n h\u00f6sten.<\/p>\n<p>Under senaste VM var Erik Gustafsson en av Sveriges powerplaybackar och kommer med l\u00e4tthet kunna ta en stor och tongivande roll i Djurg\u00e5rdens lag till h\u00f6sten, om man lyckas knyta ihop alla delar. Men enligt k\u00e4llor ska man vara l\u00e5ngt fram och f\u00f6rhoppningen \u00e4r att det ska kunna l\u00f6sa sig.<\/p>\n<p><strong>H\u00f6r mer i m\u00e5ndagens avsnitt av Sanny &amp; Svensson:<\/strong><\/p>\n<p><img alt=\"\"\/>Ljudklippet gick inte att spela upp<\/p>\n<p>F\u00f6rs\u00f6k igen senare<\/p>\n","protected":false},"excerpt":{"rendered":"Publicerad 5 jan 2026 kl 07.04Uppdaterad kl 10.31 H\u00e4r \u00e4r Djurg\u00e5rdens dr\u00f6mv\u00e4rvning till h\u00f6sten. Enligt uppgifter till Expressen&hellip;\n","protected":false},"author":2,"featured_media":127296,"comment_status":"","ping_status":"","sticky":false,"template":"","format":"standard","meta":{"footnotes":""},"categories":[68],"tags":[814,1179,34,255,823,111,110,31,33,32,30],"class_list":{"0":"post-127295","1":"post","2":"type-post","3":"status-publish","4":"format-standard","5":"has-post-thumbnail","7":"category-sport","8":"tag-organization-djurgarden-hockey","9":"tag-organization-shl","10":"tag-se","11":"tag-sections-ishockey","12":"tag-sections-shl","13":"tag-sport","14":"tag-sports","15":"tag-svenska","16":"tag-sverige","17":"tag-sweden","18":"tag-swedish"},"share_on_mastodon":{"url":"https:\/\/pubeurope.com\/@se\/115848232509463761","error":""},"_links":{"self":[{"href":"https:\/\/www.europesays.com\/se\/wp-json\/wp\/v2\/posts\/127295","targetHints":{"allow":["GET"]}}],"collection":[{"href":"https:\/\/www.europesays.com\/se\/wp-json\/wp\/v2\/posts"}],"about":[{"href":"https:\/\/www.europesays.com\/se\/wp-json\/wp\/v2\/types\/post"}],"author":[{"embeddable":true,"href":"https:\/\/www.europesays.com\/se\/wp-json\/wp\/v2\/users\/2"}],"replies":[{"embeddable":true,"href":"https:\/\/www.europesays.com\/se\/wp-json\/wp\/v2\/comments?post=127295"}],"version-history":[{"count":0,"href":"https:\/\/www.europesays.com\/se\/wp-json\/wp\/v2\/posts\/127295\/revisions"}],"wp:featuredmedia":[{"embeddable":true,"href":"https:\/\/www.europesays.com\/se\/wp-json\/wp\/v2\/media\/127296"}],"wp:attachment":[{"href":"https:\/\/www.europesays.com\/se\/wp-json\/wp\/v2\/media?parent=127295"}],"wp:term":[{"taxonomy":"category","embeddable":true,"href":"https:\/\/www.europesays.com\/se\/wp-json\/wp\/v2\/categories?post=127295"},{"taxonomy":"post_tag","embeddable":true,"href":"https:\/\/www.europesays.com\/se\/wp-json\/wp\/v2\/tags?post=127295"}],"curies":[{"name":"wp","href":"https:\/\/api.w.org\/{rel}","templated":true}]}}