{"id":127297,"date":"2026-01-06T12:48:22","date_gmt":"2026-01-06T12:48:22","guid":{"rendered":"https:\/\/www.europesays.com\/se\/127297\/"},"modified":"2026-01-06T12:48:22","modified_gmt":"2026-01-06T12:48:22","slug":"konserter-och-festivaler-har-ar-hojdpunkterna-2026-unt","status":"publish","type":"post","link":"https:\/\/www.europesays.com\/se\/127297\/","title":{"rendered":"Konserter och festivaler \u2013 h\u00e4r \u00e4r h\u00f6jdpunkterna 2026 &#8211; UNT"},"content":{"rendered":"<ol>\n<li><a href=\"https:\/\/news.google.com\/rss\/articles\/CBMimAFBVV95cUxQSHJLMGh0NFJMOGhtT1BQWUdObGp3dE90dVpVem5nWThRQXRFQXM2UldtaXZab20zNVJnQzFPUTRWWl92akp6SjdUaFNKMXJRcjd6b2tsWjFULUx6QXd2LVlFREF0Mk4yYWZnOS1UMGpTZ1EwTVJMdno0M21VRWZzYThBb29Ka3lWcWw5U0NSVlctNzRZU1VFRA?oc=5\" target=\"_blank\" rel=\"nofollow noopener\">Konserter och festivaler \u2013 h\u00e4r \u00e4r h\u00f6jdpunkterna 2026<\/a>&nbsp;&nbsp;UNT<\/li>\n<li><a href=\"https:\/\/news.google.com\/rss\/articles\/CBMihgFBVV95cUxPZVNBbE9WVGFEY1hjTG1HdnJkRmlsNzhBN2I5MVJMdnRBUUFTeFlvN0toOFBBbmNiZVFQMHNkLVJVbnZiM1ZnOF96bTJMYlVFZDZ5VHhWbGs5bDN0TmVkVmY1ZzNTN0IyS09pcWd6cTdfTmhMdXNlVXl2NzJsbXNBUzE3UzZiQQ?oc=5\" target=\"_blank\" rel=\"nofollow noopener\">Kulturkanon och Nalle Puh &#8211; om kultur\u00e5ret 2026 6 januari 2026 &#8211; P1 Specialprogram<\/a>&nbsp;&nbsp;Sveriges Radio<\/li>\n<li><a href=\"https:\/\/news.google.com\/rss\/articles\/CBMiigFBVV95cUxPWndiLUgxTXFkWHRZSm9VOWdHb2pDcUFiWTBCRWRSLVQyVjFlOTZwazZYNTN6V3RJTGJzMkVBN01jMHEyaXE3bURGZVJQLVV6bEcxaWFYRHRoX2RxWUVSNkRtM0wxQWsxVUxqeXppdE9sZTN6eEROcUlLRzI3UmUtSlZZMUdJOFZyU0E?oc=5\" target=\"_blank\" rel=\"nofollow noopener\">Tio kulturh\u00f6jdpunkter att se fram emot 2026<\/a>&nbsp;&nbsp;Ystads Allehanda<\/li>\n<li><a href=\"https:\/\/news.google.com\/rss\/articles\/CBMivgFBVV95cUxNejRxS1BESzdzUWU0aTVQSzhMMWtiekNUT19NQ1ZvRlpmbUo4bmNaQ2NBMWdRMlRTem9zdGJ1bXRiZWFnRHRmRGtzMmVrbXJQc3dwOG9BZkpsY1o4cklmQ21OblJyeDN2SDUzbGdfamxDY3YxTnRrQU8xOHJzTnViNkI0alB2VkExRUEzTVBtMjEzQTczMU1BT05kaFdkYk1NQ2dNZEZDaGJMQVVGdTVBVk0xb3pEaC0yNDlaSnN3?oc=5\" target=\"_blank\" rel=\"nofollow noopener\">Snedbenan, fascistbebisar och l\u00f6k: Detta kommer vara inne 2026<\/a>&nbsp;&nbsp;GP<\/li>\n<li><a href=\"https:\/\/news.google.com\/rss\/articles\/CBMihwFBVV95cUxQRWVHLVJlVlQ3ZlFoaG54Z0xSUTlqc1hBR1ctX2dXdGE4TUI1ZnU2aFN6MnhheTZfclM5WFdLREN3VC02NEkzN1VwTzBfQ3RtUjZPQldlRTN3bzJzbnlSUGtUNzV2UHRVeWZMaS01X0dfLUs5RXdldmRkei1uYmxKOXNCMlRJU1U?oc=5\" target=\"_blank\" rel=\"nofollow noopener\">N\u00f6jesprofilerna om 2026: \u201dDet bubblar nu\u201d<\/a>&nbsp;&nbsp;J\u00f6nk\u00f6pings-Posten<\/li>\n<\/ol>\n","protected":false},"excerpt":{"rendered":"Konserter och festivaler \u2013 h\u00e4r \u00e4r h\u00f6jdpunkterna 2026&nbsp;&nbsp;UNT Kulturkanon och Nalle Puh &#8211; om kultur\u00e5ret 2026 6 januari&hellip;\n","protected":false},"author":2,"featured_media":127164,"comment_status":"","ping_status":"","sticky":false,"template":"","format":"standard","meta":{"footnotes":""},"categories":[67],"tags":[104,34,31,33,32,30,105],"class_list":{"0":"post-127297","1":"post","2":"type-post","3":"status-publish","4":"format-standard","5":"has-post-thumbnail","7":"category-underhallning","8":"tag-entertainment","9":"tag-se","10":"tag-svenska","11":"tag-sverige","12":"tag-sweden","13":"tag-swedish","14":"tag-underhallning"},"share_on_mastodon":{"url":"https:\/\/pubeurope.com\/@se\/115848236413611884","error":""},"_links":{"self":[{"href":"https:\/\/www.europesays.com\/se\/wp-json\/wp\/v2\/posts\/127297","targetHints":{"allow":["GET"]}}],"collection":[{"href":"https:\/\/www.europesays.com\/se\/wp-json\/wp\/v2\/posts"}],"about":[{"href":"https:\/\/www.europesays.com\/se\/wp-json\/wp\/v2\/types\/post"}],"author":[{"embeddable":true,"href":"https:\/\/www.europesays.com\/se\/wp-json\/wp\/v2\/users\/2"}],"replies":[{"embeddable":true,"href":"https:\/\/www.europesays.com\/se\/wp-json\/wp\/v2\/comments?post=127297"}],"version-history":[{"count":0,"href":"https:\/\/www.europesays.com\/se\/wp-json\/wp\/v2\/posts\/127297\/revisions"}],"wp:featuredmedia":[{"embeddable":true,"href":"https:\/\/www.europesays.com\/se\/wp-json\/wp\/v2\/media\/127164"}],"wp:attachment":[{"href":"https:\/\/www.europesays.com\/se\/wp-json\/wp\/v2\/media?parent=127297"}],"wp:term":[{"taxonomy":"category","embeddable":true,"href":"https:\/\/www.europesays.com\/se\/wp-json\/wp\/v2\/categories?post=127297"},{"taxonomy":"post_tag","embeddable":true,"href":"https:\/\/www.europesays.com\/se\/wp-json\/wp\/v2\/tags?post=127297"}],"curies":[{"name":"wp","href":"https:\/\/api.w.org\/{rel}","templated":true}]}}