{"id":127314,"date":"2026-01-06T13:04:52","date_gmt":"2026-01-06T13:04:52","guid":{"rendered":"https:\/\/www.europesays.com\/se\/127314\/"},"modified":"2026-01-06T13:04:52","modified_gmt":"2026-01-06T13:04:52","slug":"nedrakning-till-arets-forsta-netflix-thriller-affleck-och-damon-aterforenas-i-hardkokt-action","status":"publish","type":"post","link":"https:\/\/www.europesays.com\/se\/127314\/","title":{"rendered":"Nedr\u00e4kning till \u00e5rets f\u00f6rsta Netflix-thriller &#8211; Affleck och Damon \u00e5terf\u00f6renas i h\u00e5rdkokt action"},"content":{"rendered":"<p><strong>Netflix<\/strong> startar \u00e5ret med h\u00e5rdkokt action, baserat p\u00e5 verkliga h\u00e4ndelser. <strong>\u201dThe Rip\u201d<\/strong> \u00e4r en actionthriller regisserad och skriven av<strong> Joe Carnahan<\/strong> (\u201dSmokin\u2019 Aces\u201d, \u201dThe Grey\u201d).<\/p>\n<p>Filmen utspelar sig i Miami d\u00e4r en grupp poliser st\u00f6ter p\u00e5 en enorm summa pengar i ett \u00f6vergivet g\u00f6mst\u00e4lle \u2013 ett fynd som snabbt f\u00e5r lojaliteter att pr\u00f6vas, misst\u00e4nksamhet att gro och hela teamets framtid att h\u00e4nga p\u00e5 en sk\u00f6r tr\u00e5d.<\/p>\n<p>I huvudrollerna syns gamla parh\u00e4starna <strong>Matt Damon<\/strong> och<strong> Ben Affleck<\/strong>. I andra roller medverkar Oscarsnominerade <strong>Steven Yeun<\/strong> (\u201dMinari\u201d), <strong>Teyana Taylor<\/strong> (\u201dOne Battle After Another\u201d), <strong>Sasha Calle <\/strong>(\u201dThe Flash\u201d), Oscarsnominerade <strong>Catalina Sandino Moreno<\/strong> (\u201dMaria Full of Grace\u201d), <strong>Kyle Chandler<\/strong> och <strong>N\u00e9stor Carbonell<\/strong>.<\/p>\n<p>Damon och Affleck har \u00e4ven producerat filmen och \u00e5terf\u00f6renas h\u00e4rmed sedan deras samarbete med 2023 \u00e5rs \u201dAir\u201d, d\u00e4r de spelade huvudrollerna medan Affleck regisserade. Detta \u00e4r dock f\u00f6rsta samarbetet mellan deras produktionsbolag Artists Equity och Netflix.<\/p>\n<p>Trailern lovar klassisk thriller med t\u00e4t sp\u00e4nning och action samt teman som girighet, lojalitet och moral. Med dessa namn bakom och framf\u00f6r kameran kan det blir hur bra som helst.<\/p>\n<p>Filmen har premi\u00e4r p\u00e5 Netflix den <strong>16 januari<\/strong>. Se trailern nedan:<\/p>\n<p><img loading=\"lazy\" decoding=\"async\" alt=\"YouTube video\" width=\"480\" height=\"360\" data-pin-nopin=\"true\" nopin=\"nopin\" class=\"perfmatters-lazy\" src=\"https:\/\/www.europesays.com\/se\/wp-content\/uploads\/2026\/01\/1767704692_646_hqdefault.jpg\"\/><\/p>\n<p><a href=\"https:\/\/www.moviezine.se\/nyheter\/alla-nya-filmer-och-serier-pa-netflix-januari-2026\" rel=\"nofollow noopener\" target=\"_blank\">Nyfiken p\u00e5 fler kommande Netflix-titlar? Kolla in v\u00e5r januari-lista.<\/a><\/p>\n<p>L\u00e4s ocks\u00e5: <a href=\"https:\/\/www.moviezine.se\/nyheter\/steven-spielberg-vagrade-jobba-med-ben-affleck-efter-familjebrak-jag-har-problem-med-honom\" title=\"Steven Spielberg v\u00e4grade jobba med Ben Affleck efter br\u00e5k vid pool\" class=\"underline-custom !font-montserrat !font-bold !underline-offset-4 !decoration-4 !decoration-moviezine-green !text-md\" rel=\"nofollow noopener\" target=\"_blank\">Steven Spielberg v\u00e4grade jobba med Ben Affleck efter br\u00e5k vid pool<\/a><\/p>\n<p>L\u00e4s ocks\u00e5: <a href=\"https:\/\/www.moviezine.se\/nyheter\/matt-damon-hajpar-upp-2026-ars-blockbuster-allt-du-vill-ha-av-en-sommarfilm\" title=\"Matt Damon hajpar upp 2026 \u00e5rs blockbuster: \u201dAllt du vill ha av en sommarfilm\u201d\" class=\"underline-custom !font-montserrat !font-bold !underline-offset-4 !decoration-4 !decoration-moviezine-green !text-md\" rel=\"nofollow noopener\" target=\"_blank\">Matt Damon hajpar upp 2026 \u00e5rs blockbuster: \u201dAllt du vill ha av en sommarfilm\u201d<\/a><\/p>\n","protected":false},"excerpt":{"rendered":"Netflix startar \u00e5ret med h\u00e5rdkokt action, baserat p\u00e5 verkliga h\u00e4ndelser. \u201dThe Rip\u201d \u00e4r en actionthriller regisserad och skriven&hellip;\n","protected":false},"author":2,"featured_media":127315,"comment_status":"","ping_status":"","sticky":false,"template":"","format":"standard","meta":{"footnotes":""},"categories":[67],"tags":[104,2399,34,31,33,32,30,2044,105],"class_list":{"0":"post-127314","1":"post","2":"type-post","3":"status-publish","4":"format-standard","5":"has-post-thumbnail","7":"category-underhallning","8":"tag-entertainment","9":"tag-netflix","10":"tag-se","11":"tag-svenska","12":"tag-sverige","13":"tag-sweden","14":"tag-swedish","15":"tag-trailer","16":"tag-underhallning"},"share_on_mastodon":{"url":"https:\/\/pubeurope.com\/@se\/115848303329041349","error":""},"_links":{"self":[{"href":"https:\/\/www.europesays.com\/se\/wp-json\/wp\/v2\/posts\/127314","targetHints":{"allow":["GET"]}}],"collection":[{"href":"https:\/\/www.europesays.com\/se\/wp-json\/wp\/v2\/posts"}],"about":[{"href":"https:\/\/www.europesays.com\/se\/wp-json\/wp\/v2\/types\/post"}],"author":[{"embeddable":true,"href":"https:\/\/www.europesays.com\/se\/wp-json\/wp\/v2\/users\/2"}],"replies":[{"embeddable":true,"href":"https:\/\/www.europesays.com\/se\/wp-json\/wp\/v2\/comments?post=127314"}],"version-history":[{"count":0,"href":"https:\/\/www.europesays.com\/se\/wp-json\/wp\/v2\/posts\/127314\/revisions"}],"wp:featuredmedia":[{"embeddable":true,"href":"https:\/\/www.europesays.com\/se\/wp-json\/wp\/v2\/media\/127315"}],"wp:attachment":[{"href":"https:\/\/www.europesays.com\/se\/wp-json\/wp\/v2\/media?parent=127314"}],"wp:term":[{"taxonomy":"category","embeddable":true,"href":"https:\/\/www.europesays.com\/se\/wp-json\/wp\/v2\/categories?post=127314"},{"taxonomy":"post_tag","embeddable":true,"href":"https:\/\/www.europesays.com\/se\/wp-json\/wp\/v2\/tags?post=127314"}],"curies":[{"name":"wp","href":"https:\/\/api.w.org\/{rel}","templated":true}]}}