{"id":12732,"date":"2025-08-24T18:57:15","date_gmt":"2025-08-24T18:57:15","guid":{"rendered":"https:\/\/www.europesays.com\/se\/12732\/"},"modified":"2025-08-24T18:57:15","modified_gmt":"2025-08-24T18:57:15","slug":"edlund-angrar-gesten-under-finnkampen-friidrott","status":"publish","type":"post","link":"https:\/\/www.europesays.com\/se\/12732\/","title":{"rendered":"Edlund \u00e5ngrar gesten under Finnkampen | Friidrott"},"content":{"rendered":"<p>Publicerad 24 aug 2025 kl 15.25Uppdaterad kl 16.56<\/p>\n<p>Oskar Edlund kn\u00e4ckte Antti Sainio i en h\u00f6gdramatisk spurt \u2013 och gestikulerade vilt mot finl\u00e4ndaren.\u00a0<\/p>\n<p>Vilket han \u00e5ngrar i efterhand.\u00a0<\/p>\n<p>\u2013 Det var on\u00f6digt gjort av mig. \u00a0<\/p>\n<p><img   alt=\"\"\/> <\/p>\n<p>Foto: SVT<\/p>\n<p>\u00d6ppna bild i helsk\u00e4rm<\/p>\n<p>Oskar Edlund \u00e4r nominerad till VM i Tokyo, men beh\u00f6ver f\u00f6rlita sig p\u00e5 ranking f\u00f6r att ta sig till m\u00e4sterskapet. I skrivande stund har han den n\u00e4st sista platsen p\u00e5 det internationella f\u00f6rbundets ranking, och s\u00f6ndagens segertid p\u00e5 49.44 \u00e4ndrar inte det.\u00a0<\/p>\n<p>\u2013 Man har doktorerat i det d\u00e4r rankingsystemet nu, s\u00e4ger Edlund och skrattar.\u00a0<\/p>\n<p>\u2013 De uppdaterar p\u00e5 onsdagar, s\u00e5 d\u00e5 \u00f6ppnar jag webbl\u00e4saren och f\u00e5r veta om jag kommer till VM eller inte.\u00a0<\/p>\n<p>Edlund \u00e4r dock f\u00f6rsiktigt hoppfull om att han ska f\u00e5 representera Sverige p\u00e5 VM och k\u00e4nner sig rej\u00e4lt uppumpad efter sin generalrepetition p\u00e5 Finnkampen.\u00a0<\/p>\n<p>Edlunds gest mot finl\u00e4ndaren: \u201dOn\u00f6digt\u201d<\/p>\n<p>Edlund knep segern efter en gastkramande spurtduell mot Antti Sainio. De l\u00e5g v\u00e4ldigt j\u00e4mnt efter sista h\u00e4cken innan Edlund sp\u00e4nde musklerna och knep segern.\u00a0<\/p>\n<p>\u2013 F\u00f6rlust fanns inte p\u00e5 kartan f\u00f6r mig, s\u00e4ger Edlund och blickar mot publikhavet.\u00a0<\/p>\n<p>\u2013 Jag bars fram av alla h\u00e4r, jag skulle bara vinna.\u00a0<\/p>\n<p>N\u00e4r Edlund ins\u00e5g att segern var i hamn gestikulerade han med en knuten n\u00e4ve mot Sainio. En gest som kom fr\u00e5n ingenstans.\u00a0<\/p>\n<p>\u2013 Och det var egentligen inte mot honom personligen, jag k\u00e4nner inte honom alls. Utan det var mot Finland, jag m\u00e4rker att jag rycks med i den h\u00e4r rivaliteten vi har mot Finland.\u00a0<\/p>\n<p>Edlund rycker p\u00e5 axlarna.\u00a0<\/p>\n<p>\u2013 Det var lite on\u00f6digt gjort av mig, men det var adrenalinet som bubblade.<\/p>\n<p>\u2013 Om han vill ska jag prata med honom nu efter\u00e5t.\u00a0<\/p>\n","protected":false},"excerpt":{"rendered":"Publicerad 24 aug 2025 kl 15.25Uppdaterad kl 16.56 Oskar Edlund kn\u00e4ckte Antti Sainio i en h\u00f6gdramatisk spurt \u2013&hellip;\n","protected":false},"author":2,"featured_media":12733,"comment_status":"","ping_status":"","sticky":false,"template":"","format":"standard","meta":{"footnotes":""},"categories":[5],"tags":[22,23,26,27,17,21,24,25,28,29,15,16,18,34,811,31,33,32,30,19,20],"class_list":{"0":"post-12732","1":"post","2":"type-post","3":"status-publish","4":"format-standard","5":"has-post-thumbnail","7":"category-rubriker","8":"tag-breaking-news","9":"tag-breakingnews","10":"tag-featured-news","11":"tag-featurednews","12":"tag-headlines","13":"tag-huvudnyheter","14":"tag-latest-news","15":"tag-latestnews","16":"tag-main-news","17":"tag-mainnews","18":"tag-news","19":"tag-nyheter","20":"tag-rubriker","21":"tag-se","22":"tag-sections-friidrott","23":"tag-svenska","24":"tag-sverige","25":"tag-sweden","26":"tag-swedish","27":"tag-top-stories","28":"tag-topstories"},"share_on_mastodon":{"url":"","error":""},"_links":{"self":[{"href":"https:\/\/www.europesays.com\/se\/wp-json\/wp\/v2\/posts\/12732","targetHints":{"allow":["GET"]}}],"collection":[{"href":"https:\/\/www.europesays.com\/se\/wp-json\/wp\/v2\/posts"}],"about":[{"href":"https:\/\/www.europesays.com\/se\/wp-json\/wp\/v2\/types\/post"}],"author":[{"embeddable":true,"href":"https:\/\/www.europesays.com\/se\/wp-json\/wp\/v2\/users\/2"}],"replies":[{"embeddable":true,"href":"https:\/\/www.europesays.com\/se\/wp-json\/wp\/v2\/comments?post=12732"}],"version-history":[{"count":0,"href":"https:\/\/www.europesays.com\/se\/wp-json\/wp\/v2\/posts\/12732\/revisions"}],"wp:featuredmedia":[{"embeddable":true,"href":"https:\/\/www.europesays.com\/se\/wp-json\/wp\/v2\/media\/12733"}],"wp:attachment":[{"href":"https:\/\/www.europesays.com\/se\/wp-json\/wp\/v2\/media?parent=12732"}],"wp:term":[{"taxonomy":"category","embeddable":true,"href":"https:\/\/www.europesays.com\/se\/wp-json\/wp\/v2\/categories?post=12732"},{"taxonomy":"post_tag","embeddable":true,"href":"https:\/\/www.europesays.com\/se\/wp-json\/wp\/v2\/tags?post=12732"}],"curies":[{"name":"wp","href":"https:\/\/api.w.org\/{rel}","templated":true}]}}