{"id":127324,"date":"2026-01-06T13:13:15","date_gmt":"2026-01-06T13:13:15","guid":{"rendered":"https:\/\/www.europesays.com\/se\/127324\/"},"modified":"2026-01-06T13:13:15","modified_gmt":"2026-01-06T13:13:15","slug":"ces-jobbdatorer-blir-inte-mycket-mindre-an-hps-nya-tangentbordsdator-2","status":"publish","type":"post","link":"https:\/\/www.europesays.com\/se\/127324\/","title":{"rendered":"CES: Jobbdatorer blir inte mycket mindre \u00e4n HP:s nya tangentbordsdator"},"content":{"rendered":"<p>B\u00e4rbara datorer har l\u00e4nge varit h\u00f6jden av mobilitet f\u00f6r arbetsdatorer. Men beh\u00f6vs egentligen sk\u00e4rmen p\u00e5 en jobbdator? M\u00e5nga av oss kopplar ju \u00e4nd\u00e5 upp laptopen till en extern sk\u00e4rm, b\u00e5de p\u00e5 kontoret och hemma. <a href=\"https:\/\/idg.digidip.net\/visit?url=https:\/\/www.hp.com\/us-en\/desktops\/business\/eliteboard.html&amp;currurl=https:\/\/www.pcforalla.se\/article\/3024188\/hp-eliteboard-g1a-next-gen-ai-pc.html&amp;ref=8-1-3024188-1-0-0-0-0\" target=\"_blank\" rel=\"nofollow noopener\" data-subtag=\"8-1-3024188-1-0-0-0-0\" data-domain-name=\"hp\">Eliteboard G1a Next Gen AI PC<\/a> \u00e4r HP:s svar p\u00e5 fr\u00e5gan om sk\u00e4rmkravet.<\/p>\n<p><img decoding=\"async\" data-wp-class--hide=\"state.isContentHidden\" data-wp-class--show=\"state.isContentVisible\" data-wp-init=\"callbacks.setButtonStyles\" data-wp-on-async--click=\"actions.showLightbox\" data-wp-on-async--load=\"callbacks.setButtonStyles\" data-wp-on-async-window--resize=\"callbacks.setButtonStyles\" src=\"https:\/\/www.europesays.com\/se\/wp-content\/uploads\/2026\/01\/1.png\" alt=\"HP Eliteboard G1a Next Gen AI PC\" class=\"wp-image-3024194\"  width=\"1200\" height=\"675\"  loading=\"lazy\"\/><\/p>\n<p class=\"imageCredit\">HP<\/p>\n<p>HP Eliteboard G1a \u00e4r helt enkelt en Copilot Plus-dator nedtryckt i ett kompakt tangentbord. Genom att plocka bort sk\u00e4rmen har HP visat hur l\u00e5ngt det g\u00e5r att komma med minimalism f\u00f6r arbetsdatorer. Med batteriet instoppat v\u00e4ger HP Eliteboard G1a 768 gram, och m\u00e5tten p\u00e5 tangentbordsdatorn \u00e4r 358 x 118 x 17 mm.<\/p>\n<p>HP utlovar upp till 50 tops AI-prestanda fr\u00e5n det inbyggda AMD Radeon 800-grafikkortet, vad g\u00e4ller processorer st\u00e5r valet mellan AMD Ryzen AI 5 330 4C, 5 340 Pro 6C eller 7 350 Pro 8C. HP Eliteboard G1a kan utrustas med upp till 64 GB ddr5-minne och upp till 2 TB lagring. Datorn har \u00e4ven inbyggda stereoh\u00f6gtalare och stereomikrofoner.<\/p>\n<p><img decoding=\"async\" data-wp-class--hide=\"state.isContentHidden\" data-wp-class--show=\"state.isContentVisible\" data-wp-init=\"callbacks.setButtonStyles\" data-wp-on-async--click=\"actions.showLightbox\" data-wp-on-async--load=\"callbacks.setButtonStyles\" data-wp-on-async-window--resize=\"callbacks.setButtonStyles\" src=\"https:\/\/www.europesays.com\/se\/wp-content\/uploads\/2026\/01\/1767705193_750_2.png\" alt=\"HP Eliteboard G1a Next Gen AI PC\" class=\"wp-image-3024196\"  width=\"1200\" height=\"675\"  loading=\"lazy\"\/><\/p>\n<p class=\"imageCredit\">HP<\/p>\n<p>N\u00e4r det kommer till in- och utg\u00e5ngar, \u00e4r HP Eliteboard G1a utrustad med en usb 4-port med st\u00f6d f\u00f6r upp till 65 W laddning och Displayport 2.1, samt en usb-c 3.2-port, som \u00e4ven den har st\u00f6d f\u00f6r laddning p\u00e5 upp till 65 W, men bara Displayport 1.4. HP Eliteboard G1a finns \u00e4ven i en version med en extra inbyggd kopia av usb 4-kabel.<\/p>\n<p><img decoding=\"async\" data-wp-class--hide=\"state.isContentHidden\" data-wp-class--show=\"state.isContentVisible\" data-wp-init=\"callbacks.setButtonStyles\" data-wp-on-async--click=\"actions.showLightbox\" data-wp-on-async--load=\"callbacks.setButtonStyles\" data-wp-on-async-window--resize=\"callbacks.setButtonStyles\" src=\"https:\/\/www.europesays.com\/se\/wp-content\/uploads\/2026\/01\/3.png\" alt=\"HP Eliteboard G1a Next Gen AI PC\" class=\"wp-image-3024197\"  width=\"1200\" height=\"1020\"  loading=\"lazy\"\/><\/p>\n<p class=\"imageCredit\">HP<\/p>\n<p>F\u00f6r tr\u00e5dl\u00f6s anslutning kan du v\u00e4lja mellan wifi 6E och Bluetooth 5.3, eller wifi 7 och Bluetooth 6.0.<\/p>\n<p>HP Eliteboard G1a \u00e4r \u00e4ven utrustad med en rad s\u00e4kerhetsfunktioner f\u00f6r att skydda alla dina data. Ut\u00f6ver HP:s egna Wolf Security for Business, \u00e4r datorn \u00e4ven utrustad med en Kensington nano lock-port, och kan utrustas med en fingeravtrycksl\u00e4sare.<\/p>\n<p><img decoding=\"async\" data-wp-class--hide=\"state.isContentHidden\" data-wp-class--show=\"state.isContentVisible\" data-wp-init=\"callbacks.setButtonStyles\" data-wp-on-async--click=\"actions.showLightbox\" data-wp-on-async--load=\"callbacks.setButtonStyles\" data-wp-on-async-window--resize=\"callbacks.setButtonStyles\" src=\"https:\/\/www.europesays.com\/se\/wp-content\/uploads\/2026\/01\/1767705194_395_1.jpg\" alt=\"HP Eliteboard G1a Next Gen AI PC\" class=\"wp-image-3024199\"  width=\"1200\" height=\"800\"  loading=\"lazy\"\/><\/p>\n<p class=\"imageCredit\">HP<\/p>\n<p>HP har \u00e4nnu inte avsl\u00f6jat n\u00e5got exakt lanseringsdatum eller pris f\u00f6r HP Eliteboard G1a Next Gen AI PC.<\/p>\n","protected":false},"excerpt":{"rendered":"B\u00e4rbara datorer har l\u00e4nge varit h\u00f6jden av mobilitet f\u00f6r arbetsdatorer. Men beh\u00f6vs egentligen sk\u00e4rmen p\u00e5 en jobbdator? M\u00e5nga&hellip;\n","protected":false},"author":2,"featured_media":127325,"comment_status":"","ping_status":"","sticky":false,"template":"","format":"standard","meta":{"footnotes":""},"categories":[66],"tags":[80,78,79,34,31,33,32,30,81,84,83,82],"class_list":{"0":"post-127324","1":"post","2":"type-post","3":"status-publish","4":"format-standard","5":"has-post-thumbnail","7":"category-vetenskap-och-teknik","8":"tag-science","9":"tag-science-and-technology","10":"tag-scienceandtechnology","11":"tag-se","12":"tag-svenska","13":"tag-sverige","14":"tag-sweden","15":"tag-swedish","16":"tag-technology","17":"tag-teknik","18":"tag-vetenskap","19":"tag-vetenskapteknik"},"share_on_mastodon":{"url":"https:\/\/pubeurope.com\/@se\/115848334792493615","error":""},"_links":{"self":[{"href":"https:\/\/www.europesays.com\/se\/wp-json\/wp\/v2\/posts\/127324","targetHints":{"allow":["GET"]}}],"collection":[{"href":"https:\/\/www.europesays.com\/se\/wp-json\/wp\/v2\/posts"}],"about":[{"href":"https:\/\/www.europesays.com\/se\/wp-json\/wp\/v2\/types\/post"}],"author":[{"embeddable":true,"href":"https:\/\/www.europesays.com\/se\/wp-json\/wp\/v2\/users\/2"}],"replies":[{"embeddable":true,"href":"https:\/\/www.europesays.com\/se\/wp-json\/wp\/v2\/comments?post=127324"}],"version-history":[{"count":0,"href":"https:\/\/www.europesays.com\/se\/wp-json\/wp\/v2\/posts\/127324\/revisions"}],"wp:featuredmedia":[{"embeddable":true,"href":"https:\/\/www.europesays.com\/se\/wp-json\/wp\/v2\/media\/127325"}],"wp:attachment":[{"href":"https:\/\/www.europesays.com\/se\/wp-json\/wp\/v2\/media?parent=127324"}],"wp:term":[{"taxonomy":"category","embeddable":true,"href":"https:\/\/www.europesays.com\/se\/wp-json\/wp\/v2\/categories?post=127324"},{"taxonomy":"post_tag","embeddable":true,"href":"https:\/\/www.europesays.com\/se\/wp-json\/wp\/v2\/tags?post=127324"}],"curies":[{"name":"wp","href":"https:\/\/api.w.org\/{rel}","templated":true}]}}