{"id":127332,"date":"2026-01-06T13:22:09","date_gmt":"2026-01-06T13:22:09","guid":{"rendered":"https:\/\/www.europesays.com\/se\/127332\/"},"modified":"2026-01-06T13:22:09","modified_gmt":"2026-01-06T13:22:09","slug":"ces-asus-rog-visar-upp-nya-ar-glasogon-som-ska-fungera-som-spelskarm","status":"publish","type":"post","link":"https:\/\/www.europesays.com\/se\/127332\/","title":{"rendered":"CES: Asus ROG visar upp nya AR-glas\u00f6gon som ska fungera som spelsk\u00e4rm"},"content":{"rendered":"<p>F\u00e5r du inte riktigt plats med ordentlig spelsk\u00e4rm hemma, eller vill du bara ha en st\u00f6rre sk\u00e4rm f\u00f6r ditt handh\u00e5llna spelande? Asus ROG och Xreal kan nu ha visat upp en l\u00f6sning p\u00e5 dina problem p\u00e5 CES-m\u00e4ssan.<\/p>\n<p>F\u00f6retagen har tillsammans tagit fram <a href=\"https:\/\/idg.digidip.net\/visit?url=https:\/\/rog.asus.com\/se\/articles\/gaming-monitors\/the-rog-xreal-glasses-r1-bring-big-screen-pc-and-console-gaming-in-a-small-wearable-package\/&amp;currurl=https:\/\/www.pcforalla.se\/article\/3024284\/asus-rog-xreal-r1.html&amp;ref=8-1-3024284-1-0-0-0-0\" target=\"_blank\" rel=\"nofollow noopener\" data-subtag=\"8-1-3024284-1-0-0-0-0\" data-domain-name=\"asus\">ROG Xreal R1<\/a>, ett par AR-glas\u00f6gon som ska fungera som en spelsk\u00e4rm. Glas\u00f6gonen ska kunna projicera en virtuell sk\u00e4rm med en uppdateringsfrekvens p\u00e5 240 Hz d\u00e4r du vill. Den virtuella sk\u00e4rmen ska k\u00e4nnas som att se p\u00e5 en 171-tummare p\u00e5 fyra meters avst\u00e5nd.<\/p>\n<p><img decoding=\"async\" data-wp-class--hide=\"state.isContentHidden\" data-wp-class--show=\"state.isContentVisible\" data-wp-init=\"callbacks.setButtonStyles\" data-wp-on-async--click=\"actions.showLightbox\" data-wp-on-async--load=\"callbacks.setButtonStyles\" data-wp-on-async-window--resize=\"callbacks.setButtonStyles\" src=\"https:\/\/www.europesays.com\/se\/wp-content\/uploads\/2026\/01\/1766457119816.jpg\" alt=\"Asus ROG Xreal R1\" class=\"wp-image-3024289\"  width=\"1200\" height=\"675\"  loading=\"lazy\"\/><\/p>\n<p class=\"imageCredit\">Asus ROG<\/p>\n<p>Som standard kommer den virtuella sk\u00e4rmen att f\u00f6lja med dina huvudr\u00f6relser, men med ROG Xreal R1:s \u201cankarl\u00e4ge\u201d kan du f\u00e4sta sk\u00e4rmen p\u00e5 en punkt i den virtuella omgivningen, s\u00e5 att du fortfarande kan vara n\u00e5gorlunda kontaktbar av omv\u00e4rlden. Glas\u00f6gonen har inbyggda h\u00f6gtalare fr\u00e5n Bose, som enligt Asus ROG ska passa till spelande, filmtittande och musiklyssnande.<\/p>\n<p><img decoding=\"async\" data-wp-class--hide=\"state.isContentHidden\" data-wp-class--show=\"state.isContentVisible\" data-wp-init=\"callbacks.setButtonStyles\" data-wp-on-async--click=\"actions.showLightbox\" data-wp-on-async--load=\"callbacks.setButtonStyles\" data-wp-on-async-window--resize=\"callbacks.setButtonStyles\" src=\"https:\/\/www.europesays.com\/se\/wp-content\/uploads\/2026\/01\/1766457113116.jpg\" alt=\"Asus ROG Xreal R1\" class=\"wp-image-3024290\"  width=\"1200\" height=\"675\"  loading=\"lazy\"\/><\/p>\n<p class=\"imageCredit\">Asus ROG<\/p>\n<p>Med den medf\u00f6ljande ROG Control Dock kan ROG Xreal R1 snabbt med ett knapptryck v\u00e4xla mellan att vara kopplad till en dator eller spelkonsol. Dockan har tv\u00e5 hdmi-portar, samt en Displayport 1.4-port. Glas\u00f6gonen ska \u00e4ven kunna kopplas till handh\u00e5llna speldatorer, som till exempel <a href=\"https:\/\/www.m3.se\/article\/2952907\/asus-rog-xbox-ally-x-test.html\" rel=\"nofollow noopener\" target=\"_blank\">Asus ROG Xbox Ally X<\/a>.<\/p>\n<p><img decoding=\"async\" data-wp-class--hide=\"state.isContentHidden\" data-wp-class--show=\"state.isContentVisible\" data-wp-init=\"callbacks.setButtonStyles\" data-wp-on-async--click=\"actions.showLightbox\" data-wp-on-async--load=\"callbacks.setButtonStyles\" data-wp-on-async-window--resize=\"callbacks.setButtonStyles\" src=\"https:\/\/www.europesays.com\/se\/wp-content\/uploads\/2026\/01\/1766457151576.jpg\" alt=\"Asus ROG Xreal R1\" class=\"wp-image-3024291\"  width=\"1200\" height=\"675\"  loading=\"lazy\"\/><\/p>\n<p class=\"imageCredit\">Asus ROG<\/p>\n<p>Asus ROG har \u00e4nnu inte avsl\u00f6jat pris eller lanserinsdatum f\u00f6r ROG Xreal R1.<\/p>\n","protected":false},"excerpt":{"rendered":"F\u00e5r du inte riktigt plats med ordentlig spelsk\u00e4rm hemma, eller vill du bara ha en st\u00f6rre sk\u00e4rm f\u00f6r&hellip;\n","protected":false},"author":2,"featured_media":127333,"comment_status":"","ping_status":"","sticky":false,"template":"","format":"standard","meta":{"footnotes":""},"categories":[66],"tags":[80,78,79,34,31,33,32,30,81,84,83,82],"class_list":{"0":"post-127332","1":"post","2":"type-post","3":"status-publish","4":"format-standard","5":"has-post-thumbnail","7":"category-vetenskap-och-teknik","8":"tag-science","9":"tag-science-and-technology","10":"tag-scienceandtechnology","11":"tag-se","12":"tag-svenska","13":"tag-sverige","14":"tag-sweden","15":"tag-swedish","16":"tag-technology","17":"tag-teknik","18":"tag-vetenskap","19":"tag-vetenskapteknik"},"share_on_mastodon":{"url":"https:\/\/pubeurope.com\/@se\/115848370273112329","error":""},"_links":{"self":[{"href":"https:\/\/www.europesays.com\/se\/wp-json\/wp\/v2\/posts\/127332","targetHints":{"allow":["GET"]}}],"collection":[{"href":"https:\/\/www.europesays.com\/se\/wp-json\/wp\/v2\/posts"}],"about":[{"href":"https:\/\/www.europesays.com\/se\/wp-json\/wp\/v2\/types\/post"}],"author":[{"embeddable":true,"href":"https:\/\/www.europesays.com\/se\/wp-json\/wp\/v2\/users\/2"}],"replies":[{"embeddable":true,"href":"https:\/\/www.europesays.com\/se\/wp-json\/wp\/v2\/comments?post=127332"}],"version-history":[{"count":0,"href":"https:\/\/www.europesays.com\/se\/wp-json\/wp\/v2\/posts\/127332\/revisions"}],"wp:featuredmedia":[{"embeddable":true,"href":"https:\/\/www.europesays.com\/se\/wp-json\/wp\/v2\/media\/127333"}],"wp:attachment":[{"href":"https:\/\/www.europesays.com\/se\/wp-json\/wp\/v2\/media?parent=127332"}],"wp:term":[{"taxonomy":"category","embeddable":true,"href":"https:\/\/www.europesays.com\/se\/wp-json\/wp\/v2\/categories?post=127332"},{"taxonomy":"post_tag","embeddable":true,"href":"https:\/\/www.europesays.com\/se\/wp-json\/wp\/v2\/tags?post=127332"}],"curies":[{"name":"wp","href":"https:\/\/api.w.org\/{rel}","templated":true}]}}