{"id":127337,"date":"2026-01-06T13:26:22","date_gmt":"2026-01-06T13:26:22","guid":{"rendered":"https:\/\/www.europesays.com\/se\/127337\/"},"modified":"2026-01-06T13:26:22","modified_gmt":"2026-01-06T13:26:22","slug":"intensiva-snobyar-vantas-i-flera-lan","status":"publish","type":"post","link":"https:\/\/www.europesays.com\/se\/127337\/","title":{"rendered":"Intensiva sn\u00f6byar v\u00e4ntas i flera l\u00e4n"},"content":{"rendered":"<p>Publicerad 6 jan 2026 kl 07.16Uppdaterad kl 14.25<\/p>\n<p>SMHI har utf\u00e4rdat tre nya v\u00e4dervarningar f\u00f6r kraftiga sn\u00f6fall.\u00a0<\/p>\n<p>Och flera olyckor har skett till f\u00f6ljd av den kraftiga sn\u00f6n.\u00a0<\/p>\n<p>E4 \u00e4r avst\u00e4ngd efter olycka och den prelimin\u00e4ra prognosen \u00e4r att v\u00e4gen kan \u00f6ppna f\u00f6rst klockan 15.30.<\/p>\n<p>SMHI st\u00e5r och v\u00e4ger om gul varning ska bli orange.\u00a0<\/p>\n<p><img   alt=\"\"\/><\/p>\n<p>Plogbil i diket mellan Nyk\u00f6ping och N\u00e4vekvarn<\/p>\n<p>Foto: Pontus Stenberg<\/p>\n<p>\u00d6ppna bild i helsk\u00e4rm<img loading=\"lazy\"   alt=\"\"\/><\/p>\n<p>Insn\u00f6ade bilar p\u00e5 S\u00f6dermalm i Stockholm.<\/p>\n<p>Foto: Gabriella Bruske \/ TT NYHETSBYR\u00c5N<\/p>\n<p>\u00d6ppna bild i helsk\u00e4rm<img loading=\"lazy\"   alt=\"\"\/><\/p>\n<p>E20 vid Lerum.<\/p>\n<p>Foto: Adam Ihse \/ TT NYHETSBYR\u00c5N<\/p>\n<p>\u00d6ppna bild i helsk\u00e4rm<\/p>\n<p>Sn\u00f6fallet som dragit in \u00f6ver stora delar av landet under helgen forts\u00e4tter. Under tisdagen ut\u00f6kade <a href=\"https:\/\/www.expressen.se\/tagg\/organization\/smhi\/\" class=\"\" rel=\"nofollow noopener\" target=\"_blank\">SMHI<\/a> varningarna med tre nya uppdateringar om kraftiga sn\u00f6fall.<\/p>\n<p>V\u00e4dervarningarna <\/p>\n<p>Tisdagen: Gul varning f\u00f6r sn\u00f6fall i syd\u00f6stra Norrland och stora delar av Dalarna och i stora delar av \u00f6stra Svealand.\u00a0<\/p>\n<p>Onsdag: Gul varning f\u00f6r sn\u00f6 i nordv\u00e4stra G\u00f6taland och sydv\u00e4stra Svealand, delar av V\u00e4stkusten, och i syd\u00f6stra Norrland och stora delar av Dalarna.\u00a0<\/p>\n<p>Torsdag: Gul varning f\u00f6r sn\u00f6fall i mellersta Norrlands kustland och inland och i nordv\u00e4stra G\u00f6taland och sydv\u00e4stra Svealand.\u00a0<\/p>\n<p>Fredag: Gul varning f\u00f6r sn\u00f6 i mellersta Norrlands kustland och inland.\u00a0<\/p>\n<p>Visa merKan \u00e4ndras till orange varning<\/p>\n<p>I G\u00f6teborgsomr\u00e5det \u00e4r v\u00e4garna \u00e4r h\u00e5rt belastade. Enligt SMHI visar prognosen att sn\u00f6byarna kan bli som kraftigast under onsdagsmorgonen, innan en ny intensiv fas med sn\u00f6fall v\u00e4ntas under onsdagskv\u00e4llen.<\/p>\n<p>\u2013 Det finns en risk att vi beh\u00f6ver h\u00f6ja den gula varningen f\u00f6r G\u00f6teborgsomr\u00e5det till orange f\u00f6r fortsatt sn\u00f6fall, men i nul\u00e4get har vi inte tillr\u00e4ckligt prognosunderlag f\u00f6r att fatta det beslutet, s\u00e4ger Max Schildt, vakthavande meteorolog p\u00e5 SMHI.<\/p>\n<p>Samtidigt pekar andra prognoser i en annan riktning.<\/p>\n<p>\u2013 Det finns ocks\u00e5 rapporter som inte st\u00f6der en orange varning. Vi f\u00f6ljer utvecklingen dygnet runt, s\u00e4ger Schildt.<\/p>\n<p>Under tisdagen v\u00e4ntas upp mot 30 centimeter sn\u00f6 falla lokalt. I de omr\u00e5dena kan sn\u00f6byarna bli kraftiga och lokalt ge stora m\u00e4ngder sn\u00f6 p\u00e5 kort tid.<\/p>\n<p>Olyckor p\u00e5 flera h\u00e5ll<\/p>\n<p>Det sv\u00e5ra vinterv\u00e4dret har redan lett till omfattande st\u00f6rningar. Under tisdagen intr\u00e4ffade flera trafikolyckor.<\/p>\n<p>\u2013 Vi har larmats om flera olyckor, s\u00e4ger polisens presstalesperson Maria Hall.<\/p>\n<p>Bland annat i G\u00e4vleborg l\u00e4n, d\u00e4r tv\u00e5 personbilar och en lastbil krockat p\u00e5 E4.<\/p>\n<p>V\u00e4gen var strax f\u00f6re klockan 13 p\u00e5 tisdagen avst\u00e4ngd i norrg\u00e5ende riktning och ber\u00e4knas \u00f6ppna f\u00f6rst klockan 14 p\u00e5 eftermiddagen.<\/p>\n<p>Det \u00e4r enligt Trafikverket mycket begr\u00e4nsad sikt och framkomlighet p\u00e5 E4 mellan S\u00f6derhamn och Hudiksvall p\u00e5 grund av sn\u00f6r\u00f6k och sn\u00f6halka.<\/p>\n<p>P\u00e5 E16 mellan Falun och Borl\u00e4nge krockade minst tv\u00e5 fordon strax efter klockan 13. Trafiken p\u00e5verkas under r\u00e4ddningsarbetet.<\/p>\n<p>Mellan Nyk\u00f6ping och N\u00e4vekvarn i h\u00f6jd med Frankhyttan har en plogbil k\u00f6rt i diket och bilder visar hur man beh\u00f6ver handskotta f\u00f6r att kunna b\u00e4rga den.<\/p>\n<p>Ekot rapporterar att r\u00e4ddningstj\u00e4nstens fordon fastnar i k\u00f6erna. I H\u00e4lsingland har \u00e4ven all busstrafik st\u00e4llts in, rapporterar <a href=\"https:\/\/www.sverigesradio.se\/artikel\/tre-trafikolyckor-pa-kort-tid-i-halsingland\" rel=\"nofollow noopener\" target=\"_blank\">P4 G\u00e4vleborg<\/a>.<\/p>\n<p><img alt=\"\"\/>Ljudklippet gick inte att spela upp<\/p>\n<p>F\u00f6rs\u00f6k igen senare<\/p>\n","protected":false},"excerpt":{"rendered":"Publicerad 6 jan 2026 kl 07.16Uppdaterad kl 14.25 SMHI har utf\u00e4rdat tre nya v\u00e4dervarningar f\u00f6r kraftiga sn\u00f6fall.\u00a0 Och&hellip;\n","protected":false},"author":2,"featured_media":127338,"comment_status":"","ping_status":"","sticky":false,"template":"","format":"standard","meta":{"footnotes":""},"categories":[5],"tags":[22,23,26,27,17,21,24,25,212,28,29,15,16,288,18,34,281,31,33,32,30,19,9026,12707,435,290,20],"class_list":{"0":"post-127337","1":"post","2":"type-post","3":"status-publish","4":"format-standard","5":"has-post-thumbnail","7":"category-rubriker","8":"tag-breaking-news","9":"tag-breakingnews","10":"tag-featured-news","11":"tag-featurednews","12":"tag-headlines","13":"tag-huvudnyheter","14":"tag-latest-news","15":"tag-latestnews","16":"tag-location-sverige","17":"tag-main-news","18":"tag-mainnews","19":"tag-news","20":"tag-nyheter","21":"tag-organization-smhi","22":"tag-rubriker","23":"tag-se","24":"tag-sections-vader","25":"tag-svenska","26":"tag-sverige","27":"tag-sweden","28":"tag-swedish","29":"tag-top-stories","30":"tag-topic-snoovader","31":"tag-topic-snorojning","32":"tag-topic-trafik","33":"tag-topic-vaderprognos","34":"tag-topstories"},"share_on_mastodon":{"url":"https:\/\/pubeurope.com\/@se\/115848385816175268","error":""},"_links":{"self":[{"href":"https:\/\/www.europesays.com\/se\/wp-json\/wp\/v2\/posts\/127337","targetHints":{"allow":["GET"]}}],"collection":[{"href":"https:\/\/www.europesays.com\/se\/wp-json\/wp\/v2\/posts"}],"about":[{"href":"https:\/\/www.europesays.com\/se\/wp-json\/wp\/v2\/types\/post"}],"author":[{"embeddable":true,"href":"https:\/\/www.europesays.com\/se\/wp-json\/wp\/v2\/users\/2"}],"replies":[{"embeddable":true,"href":"https:\/\/www.europesays.com\/se\/wp-json\/wp\/v2\/comments?post=127337"}],"version-history":[{"count":0,"href":"https:\/\/www.europesays.com\/se\/wp-json\/wp\/v2\/posts\/127337\/revisions"}],"wp:featuredmedia":[{"embeddable":true,"href":"https:\/\/www.europesays.com\/se\/wp-json\/wp\/v2\/media\/127338"}],"wp:attachment":[{"href":"https:\/\/www.europesays.com\/se\/wp-json\/wp\/v2\/media?parent=127337"}],"wp:term":[{"taxonomy":"category","embeddable":true,"href":"https:\/\/www.europesays.com\/se\/wp-json\/wp\/v2\/categories?post=127337"},{"taxonomy":"post_tag","embeddable":true,"href":"https:\/\/www.europesays.com\/se\/wp-json\/wp\/v2\/tags?post=127337"}],"curies":[{"name":"wp","href":"https:\/\/api.w.org\/{rel}","templated":true}]}}