{"id":127374,"date":"2026-01-06T14:38:10","date_gmt":"2026-01-06T14:38:10","guid":{"rendered":"https:\/\/www.europesays.com\/se\/127374\/"},"modified":"2026-01-06T14:38:10","modified_gmt":"2026-01-06T14:38:10","slug":"efter-maduro-medvedev-vill-kidnappa-merz","status":"publish","type":"post","link":"https:\/\/www.europesays.com\/se\/127374\/","title":{"rendered":"Efter Maduro \u2013 Medvedev vill kidnappa Merz"},"content":{"rendered":"<p>Rysslands tidigare president Dmitrij Medvedev s\u00e4ger i en intervju med Tass att Ryssland borde kidnappa Tysklands f\u00f6rbundskansler Friedrich Merz, rapporterar Berliner Zeitung.<\/p>\n<p>Uttalandet kommer efter USA:s attack mot Venezuela och bortf\u00f6randet av president Nicol\u00e1s Maduro. Medvedev s\u00e4ger till Tass att han, efter USA:s agerande, kan f\u00f6rest\u00e4lla sig liknande operationer riktade mot utl\u00e4ndska ledare.<\/p>\n<p>\u2013 Kidnappningen av nynazisten Merz skulle kunna vara en utm\u00e4rkt v\u00e4ndning i denna karneval, sa han och menade samtidigt att det \u00e4ven finns sk\u00e4l att \u00e5tala honom i Tyskland, enligt Berliner Zeitung.<\/p>\n<p>Den tyska regeringens talesperson Sebastian Hille f\u00f6rd\u00f6mde uttalandet och sa att \u201ddessa provokationer inte kommer att g\u00e5 obesvarade\u201d. Samtidigt tar den tyska s\u00e4kerhetsapparaten inte hotet p\u00e5 n\u00e5got st\u00f6rre allvar och ser inget behov av att st\u00e4rka s\u00e4kerheten kring Merz.<\/p>\n<p>Omni \u00e4r politiskt obundna och oberoende. Vi str\u00e4var efter att ge fler perspektiv p\u00e5 nyheterna. Har du fr\u00e5gor eller synpunkter kring v\u00e5r rapportering? <a href=\"https:\/\/omni.se\/efter-maduro-medvedev-vill-kidnappa-merz\/a\/mailto:redaktion@omni.se\" class=\"ArticleActions_contactLink__W2F1M\" rel=\"nofollow noopener\" target=\"_blank\">Kontakta redaktionen<\/a><\/p>\n","protected":false},"excerpt":{"rendered":"Rysslands tidigare president Dmitrij Medvedev s\u00e4ger i en intervju med Tass att Ryssland borde kidnappa Tysklands f\u00f6rbundskansler Friedrich&hellip;\n","protected":false},"author":2,"featured_media":127375,"comment_status":"","ping_status":"","sticky":false,"template":"","format":"standard","meta":{"footnotes":""},"categories":[14],"tags":[22,23,11482,267,26,27,260,17,21,24,25,708,28,29,15,2546,268,16,18,264,34,31,33,32,30,19,20,408,74,51,2545,52,53,54],"class_list":{"0":"post-127374","1":"post","2":"type-post","3":"status-publish","4":"format-standard","5":"has-post-thumbnail","7":"category-varlden","8":"tag-breaking-news","9":"tag-breakingnews","10":"tag-dmitrij-medvedev","11":"tag-europa","12":"tag-featured-news","13":"tag-featurednews","14":"tag-friedrich-merz","15":"tag-headlines","16":"tag-huvudnyheter","17":"tag-latest-news","18":"tag-latestnews","19":"tag-latinamerika","20":"tag-main-news","21":"tag-mainnews","22":"tag-news","23":"tag-nicolas-maduro","24":"tag-nordamerika","25":"tag-nyheter","26":"tag-rubriker","27":"tag-ryssland","28":"tag-se","29":"tag-svenska","30":"tag-sverige","31":"tag-sweden","32":"tag-swedish","33":"tag-top-stories","34":"tag-topstories","35":"tag-tyskland","36":"tag-usa","37":"tag-varlden","38":"tag-venezuela","39":"tag-world","40":"tag-world-news","41":"tag-worldnews"},"share_on_mastodon":{"url":"https:\/\/pubeurope.com\/@se\/115848668978439267","error":""},"_links":{"self":[{"href":"https:\/\/www.europesays.com\/se\/wp-json\/wp\/v2\/posts\/127374","targetHints":{"allow":["GET"]}}],"collection":[{"href":"https:\/\/www.europesays.com\/se\/wp-json\/wp\/v2\/posts"}],"about":[{"href":"https:\/\/www.europesays.com\/se\/wp-json\/wp\/v2\/types\/post"}],"author":[{"embeddable":true,"href":"https:\/\/www.europesays.com\/se\/wp-json\/wp\/v2\/users\/2"}],"replies":[{"embeddable":true,"href":"https:\/\/www.europesays.com\/se\/wp-json\/wp\/v2\/comments?post=127374"}],"version-history":[{"count":0,"href":"https:\/\/www.europesays.com\/se\/wp-json\/wp\/v2\/posts\/127374\/revisions"}],"wp:featuredmedia":[{"embeddable":true,"href":"https:\/\/www.europesays.com\/se\/wp-json\/wp\/v2\/media\/127375"}],"wp:attachment":[{"href":"https:\/\/www.europesays.com\/se\/wp-json\/wp\/v2\/media?parent=127374"}],"wp:term":[{"taxonomy":"category","embeddable":true,"href":"https:\/\/www.europesays.com\/se\/wp-json\/wp\/v2\/categories?post=127374"},{"taxonomy":"post_tag","embeddable":true,"href":"https:\/\/www.europesays.com\/se\/wp-json\/wp\/v2\/tags?post=127374"}],"curies":[{"name":"wp","href":"https:\/\/api.w.org\/{rel}","templated":true}]}}