{"id":127380,"date":"2026-01-06T14:45:07","date_gmt":"2026-01-06T14:45:07","guid":{"rendered":"https:\/\/www.europesays.com\/se\/127380\/"},"modified":"2026-01-06T14:45:07","modified_gmt":"2026-01-06T14:45:07","slug":"sa-kan-du-bli-nadd-dygnet-runt-och-anda-inte-stora-nattsomnen","status":"publish","type":"post","link":"https:\/\/www.europesays.com\/se\/127380\/","title":{"rendered":"S\u00e5 kan du bli n\u00e5dd dygnet runt och \u00e4nd\u00e5 inte st\u00f6ra natts\u00f6mnen"},"content":{"rendered":"<p class=\"kicker t20 font-Raleway\" style=\"\">Full fokus<\/p>\n<p>    Du kan anv\u00e4nda fokusl\u00e4gen f\u00f6r att bara bli st\u00f6rd av de som verkligen m\u00e5ste n\u00e5 dig och de du accepterar att bli st\u00f6rd av.<\/p>\n<p>Fr\u00e5ga:\u00a0Jag \u00e4r v\u00e4ldigt l\u00e4ttst\u00f6rd n\u00e4r jag sover och brukar d\u00e4rf\u00f6r s\u00e4tta telefonen p\u00e5 ljudl\u00f6s n\u00e4r jag g\u00e5r och l\u00e4gger mig f\u00f6r att inte bli v\u00e4ckt av alla plinganden. Men nu har mina barn blivit ton\u00e5ringar och jag vill att de ska kunna ringa och v\u00e4cka mig om de beh\u00f6ver p\u00e5 natten. Kan man f\u00e5 b\u00e5de och p\u00e5 n\u00e5got s\u00e4tt? Jag har en Samsung.<\/p>\n<p>Elias Nordling svarar:\u00a0Ja det g\u00e5r att l\u00f6sa, det finns inst\u00e4llningar f\u00f6r att l\u00e5ta prioriterade kontakter ringa och skriva meddelanden \u00e4ven n\u00e4r st\u00f6r ej-l\u00e4get \u00e4r p\u00e5. Motsvarande inst\u00e4llning finns \u00e4ven p\u00e5 Iphone och andra Android-mobiler, men s\u00e5 h\u00e4r g\u00f6r du p\u00e5 en Samsung:<\/p>\n<p>1) G\u00e5 in i appen Kontakter och leta upp dina familjemedlemmar. favoritmarkera dem genom att v\u00e4lja dem och trycka p\u00e5 stj\u00e4rnan i nedre v\u00e4nstra h\u00f6rnet.<\/p>\n<p>2) G\u00e5 in i telefonens inst\u00e4llningar, v\u00e4lj Aviseringar, sedan St\u00f6r Ej.<\/p>\n<p>3) Skrolla ner till \u201cTill\u00e5tet under St\u00f6r ej\u201d. Under Samtal och Meddelanden kan du v\u00e4lja att dina favoritkontakter kan n\u00e5 dig \u00e4ven n\u00e4r telefonen \u00e4r p\u00e5 st\u00f6r ej. Samma sak med meddelanden.<\/p>\n<p>Observera att med meddelanden avses SMS, om ni har n\u00e5gon chatt-app ni brukar kommunicera med finns det inget enkelt s\u00e4tt att bara meddelanden fr\u00e5n vissa kontakter passerar st\u00f6r ej.<\/p>\n<p>Det h\u00e4r \u00e4r ett utdrag ur en l\u00e4ngre\u00a0artikel d\u00e4r\u00a0<a href=\"https:\/\/www.mobil.se\/tips-och-tricks\/sa-laenge-haller-en-mobil-snabbladdningens-effekt-och-mer-mobil-svarar\/1664282\" target=\"_blank\" rel=\"nofollow noopener\">Mobilredaktionen svarat p\u00e5 aktuella l\u00e4sarfr\u00e5gor<\/a>. Artikeln publicerades tidigare i sin helhet exklusivt f\u00f6r Plus-medlemmar p\u00e5 Mobil.se.\u00a0<a href=\"https:\/\/www.mobil.se\/plus\" rel=\"nofollow noopener\" target=\"_blank\">H\u00e4r kan du bli Plus-medlem<\/a>\u00a0och d\u00e4rmed f\u00e5 direkt tillg\u00e5ng till alla artiklar p\u00e5 Mobil.se. Som plusmedlem s\u00e5 f\u00e5r du samlade tips och m\u00e5nga andra f\u00f6rdjupande, v\u00e4gledande artiklar.<\/p>\n","protected":false},"excerpt":{"rendered":"Full fokus Du kan anv\u00e4nda fokusl\u00e4gen f\u00f6r att bara bli st\u00f6rd av de som verkligen m\u00e5ste n\u00e5 dig&hellip;\n","protected":false},"author":2,"featured_media":127381,"comment_status":"","ping_status":"","sticky":false,"template":"","format":"standard","meta":{"footnotes":""},"categories":[66],"tags":[80,78,79,34,31,33,32,30,81,84,83,82],"class_list":{"0":"post-127380","1":"post","2":"type-post","3":"status-publish","4":"format-standard","5":"has-post-thumbnail","7":"category-vetenskap-och-teknik","8":"tag-science","9":"tag-science-and-technology","10":"tag-scienceandtechnology","11":"tag-se","12":"tag-svenska","13":"tag-sverige","14":"tag-sweden","15":"tag-swedish","16":"tag-technology","17":"tag-teknik","18":"tag-vetenskap","19":"tag-vetenskapteknik"},"share_on_mastodon":{"url":"https:\/\/pubeurope.com\/@se\/115848696523138236","error":""},"_links":{"self":[{"href":"https:\/\/www.europesays.com\/se\/wp-json\/wp\/v2\/posts\/127380","targetHints":{"allow":["GET"]}}],"collection":[{"href":"https:\/\/www.europesays.com\/se\/wp-json\/wp\/v2\/posts"}],"about":[{"href":"https:\/\/www.europesays.com\/se\/wp-json\/wp\/v2\/types\/post"}],"author":[{"embeddable":true,"href":"https:\/\/www.europesays.com\/se\/wp-json\/wp\/v2\/users\/2"}],"replies":[{"embeddable":true,"href":"https:\/\/www.europesays.com\/se\/wp-json\/wp\/v2\/comments?post=127380"}],"version-history":[{"count":0,"href":"https:\/\/www.europesays.com\/se\/wp-json\/wp\/v2\/posts\/127380\/revisions"}],"wp:featuredmedia":[{"embeddable":true,"href":"https:\/\/www.europesays.com\/se\/wp-json\/wp\/v2\/media\/127381"}],"wp:attachment":[{"href":"https:\/\/www.europesays.com\/se\/wp-json\/wp\/v2\/media?parent=127380"}],"wp:term":[{"taxonomy":"category","embeddable":true,"href":"https:\/\/www.europesays.com\/se\/wp-json\/wp\/v2\/categories?post=127380"},{"taxonomy":"post_tag","embeddable":true,"href":"https:\/\/www.europesays.com\/se\/wp-json\/wp\/v2\/tags?post=127380"}],"curies":[{"name":"wp","href":"https:\/\/api.w.org\/{rel}","templated":true}]}}