{"id":127386,"date":"2026-01-06T14:49:13","date_gmt":"2026-01-06T14:49:13","guid":{"rendered":"https:\/\/www.europesays.com\/se\/127386\/"},"modified":"2026-01-06T14:49:13","modified_gmt":"2026-01-06T14:49:13","slug":"rysk-favorit-sakrar-makten-i-car-for-tredje-gangen","status":"publish","type":"post","link":"https:\/\/www.europesays.com\/se\/127386\/","title":{"rendered":"Rysk favorit s\u00e4krar makten i CAR f\u00f6r tredje g\u00e5ngen"},"content":{"rendered":"<p>Den sittande presidenten Faustin-Archange Touad\u00e9ra har utropat seger efter f\u00f6rra veckans val i Centralafrikanska republiken (CAR), rapporterar Reuters. Han blir d\u00e4rmed omvald f\u00f6r en tredje mandatperiod.<\/p>\n<p>Touad\u00e9ra st\u00e5r n\u00e4ra Ryssland och Kreml har under hans styre getts tillg\u00e5ng till stora naturresurser som guld och diamanter i utbyte mot skydd fr\u00e5n ryska Wagnergruppen. <\/p>\n<p>Den st\u00f6rsta oppositionella gruppen bojkottade valet efter anklagelser om or\u00e4ttvisa politiska f\u00f6ruts\u00e4ttningar, skriver Africanews. Det har d\u00e4remot inte kommit n\u00e5gra omfattande rapporter om fusk fr\u00e5n de internationella valobservat\u00f6rer som fanns p\u00e5 plats.<\/p>\n<p>Enligt Reuters vann sannolikt Touad\u00e9ra valet p\u00e5 grund av hans relativt goda kontroll \u00f6ver landets statliga institutioner och hans stora finansiella tillg\u00e5ngar. BBC till\u00e4gger att hans f\u00f6rm\u00e5ga att skapa s\u00e4kerhet i landet sannolikt bidrog.<\/p>\n<p>Omni \u00e4r politiskt obundna och oberoende. Vi str\u00e4var efter att ge fler perspektiv p\u00e5 nyheterna. Har du fr\u00e5gor eller synpunkter kring v\u00e5r rapportering? <a href=\"https:\/\/omni.se\/rysk-favorit-sakrar-makten-i-car-for-tredje-gangen\/a\/mailto:redaktion@omni.se\" class=\"ArticleActions_contactLink__W2F1M\" rel=\"nofollow noopener\" target=\"_blank\">Kontakta redaktionen<\/a><\/p>\n","protected":false},"excerpt":{"rendered":"Den sittande presidenten Faustin-Archange Touad\u00e9ra har utropat seger efter f\u00f6rra veckans val i Centralafrikanska republiken (CAR), rapporterar Reuters.&hellip;\n","protected":false},"author":2,"featured_media":127387,"comment_status":"","ping_status":"","sticky":false,"template":"","format":"standard","meta":{"footnotes":""},"categories":[5],"tags":[1482,22,23,13197,26,27,17,21,24,25,28,29,15,16,18,264,34,31,33,32,30,19,20,13198],"class_list":{"0":"post-127386","1":"post","2":"type-post","3":"status-publish","4":"format-standard","5":"has-post-thumbnail","7":"category-rubriker","8":"tag-afrika","9":"tag-breaking-news","10":"tag-breakingnews","11":"tag-centralafrikanska-republiken","12":"tag-featured-news","13":"tag-featurednews","14":"tag-headlines","15":"tag-huvudnyheter","16":"tag-latest-news","17":"tag-latestnews","18":"tag-main-news","19":"tag-mainnews","20":"tag-news","21":"tag-nyheter","22":"tag-rubriker","23":"tag-ryssland","24":"tag-se","25":"tag-svenska","26":"tag-sverige","27":"tag-sweden","28":"tag-swedish","29":"tag-top-stories","30":"tag-topstories","31":"tag-wagnergruppen"},"share_on_mastodon":{"url":"https:\/\/pubeurope.com\/@se\/115848712244559471","error":""},"_links":{"self":[{"href":"https:\/\/www.europesays.com\/se\/wp-json\/wp\/v2\/posts\/127386","targetHints":{"allow":["GET"]}}],"collection":[{"href":"https:\/\/www.europesays.com\/se\/wp-json\/wp\/v2\/posts"}],"about":[{"href":"https:\/\/www.europesays.com\/se\/wp-json\/wp\/v2\/types\/post"}],"author":[{"embeddable":true,"href":"https:\/\/www.europesays.com\/se\/wp-json\/wp\/v2\/users\/2"}],"replies":[{"embeddable":true,"href":"https:\/\/www.europesays.com\/se\/wp-json\/wp\/v2\/comments?post=127386"}],"version-history":[{"count":0,"href":"https:\/\/www.europesays.com\/se\/wp-json\/wp\/v2\/posts\/127386\/revisions"}],"wp:featuredmedia":[{"embeddable":true,"href":"https:\/\/www.europesays.com\/se\/wp-json\/wp\/v2\/media\/127387"}],"wp:attachment":[{"href":"https:\/\/www.europesays.com\/se\/wp-json\/wp\/v2\/media?parent=127386"}],"wp:term":[{"taxonomy":"category","embeddable":true,"href":"https:\/\/www.europesays.com\/se\/wp-json\/wp\/v2\/categories?post=127386"},{"taxonomy":"post_tag","embeddable":true,"href":"https:\/\/www.europesays.com\/se\/wp-json\/wp\/v2\/tags?post=127386"}],"curies":[{"name":"wp","href":"https:\/\/api.w.org\/{rel}","templated":true}]}}