{"id":127388,"date":"2026-01-06T14:53:07","date_gmt":"2026-01-06T14:53:07","guid":{"rendered":"https:\/\/www.europesays.com\/se\/127388\/"},"modified":"2026-01-06T14:53:07","modified_gmt":"2026-01-06T14:53:07","slug":"nya-copilot-plus-datorerna-slapps-i-april","status":"publish","type":"post","link":"https:\/\/www.europesays.com\/se\/127388\/","title":{"rendered":"Nya Copilot Plus-datorerna sl\u00e4pps i april"},"content":{"rendered":"<p>Nu st\u00e5r det klart att vi f\u00e5r se nya Copilot Plus-datorer till v\u00e5ren, n\u00e4rmare best\u00e4mt i april.<\/p>\n<p>Enligt <a href=\"https:\/\/idg.digidip.net\/visit?url=https:\/\/www.windowslatest.com\/2026\/01\/06\/snapragon-x2-pcs-ship-with-windows-11-26h1-by-april-2026-existing-pcs-will-get-windows-11-26h2\/&amp;currurl=https:\/\/www.pcforalla.se\/article\/3024373\/nya-copilot-plus-datorerna-slapps-i-april.html&amp;ref=8-1-3024373-1-0-0-0-0\" data-type=\"link\" data-id=\"https:\/\/www.windowslatest.com\/2026\/01\/06\/snapragon-x2-pcs-ship-with-windows-11-26h1-by-april-2026-existing-pcs-will-get-windows-11-26h2\/\" rel=\"nofollow noopener\" data-subtag=\"8-1-3024373-1-0-0-0-0\" data-domain-name=\"windowslatest\" target=\"_blank\">Windows Latest<\/a> \u00e4r det stora dragpl\u00e5stret kraftfulla Snapdragon X2-chipp, n\u00e5got som bekr\u00e4ftas av en talesperson f\u00f6r Qualcomm.<\/p>\n<p>I samma veva kommer Microsoft att skicka ut 26H1, en ny version av Windows 11 som har anpassats f\u00f6r de nya chippen.<\/p>\n<p>Mycket talar f\u00f6r att 26H1 endast kommer sl\u00e4ppas f\u00f6r Arm-baserade datorer, med andra ord f\u00e5r \u00f6vriga anv\u00e4ndare v\u00e4nta in 26H2 som sl\u00e4pps till h\u00f6sten.<\/p>\n<p><strong>L\u00e4s mer:<\/strong> <a href=\"https:\/\/www.pcforalla.se\/article\/3021051\/nya-copilot-plus-datorer-fran-lenovo-visas-upp-pa-ces-massan.html\" data-type=\"link\" data-id=\"https:\/\/www.pcforalla.se\/article\/3021051\/nya-copilot-plus-datorer-fran-lenovo-visas-upp-pa-ces-massan.html\" rel=\"nofollow noopener\" target=\"_blank\">Nya Copilot Plus-datorer fr\u00e5n Lenovo visas upp p\u00e5 CES-m\u00e4ssan<\/a><\/p>\n","protected":false},"excerpt":{"rendered":"Nu st\u00e5r det klart att vi f\u00e5r se nya Copilot Plus-datorer till v\u00e5ren, n\u00e4rmare best\u00e4mt i april. Enligt&hellip;\n","protected":false},"author":2,"featured_media":127389,"comment_status":"","ping_status":"","sticky":false,"template":"","format":"standard","meta":{"footnotes":""},"categories":[66],"tags":[80,78,79,34,31,33,32,30,81,84,83,82],"class_list":{"0":"post-127388","1":"post","2":"type-post","3":"status-publish","4":"format-standard","5":"has-post-thumbnail","7":"category-vetenskap-och-teknik","8":"tag-science","9":"tag-science-and-technology","10":"tag-scienceandtechnology","11":"tag-se","12":"tag-svenska","13":"tag-sverige","14":"tag-sweden","15":"tag-swedish","16":"tag-technology","17":"tag-teknik","18":"tag-vetenskap","19":"tag-vetenskapteknik"},"share_on_mastodon":{"url":"https:\/\/pubeurope.com\/@se\/115848727951665238","error":""},"_links":{"self":[{"href":"https:\/\/www.europesays.com\/se\/wp-json\/wp\/v2\/posts\/127388","targetHints":{"allow":["GET"]}}],"collection":[{"href":"https:\/\/www.europesays.com\/se\/wp-json\/wp\/v2\/posts"}],"about":[{"href":"https:\/\/www.europesays.com\/se\/wp-json\/wp\/v2\/types\/post"}],"author":[{"embeddable":true,"href":"https:\/\/www.europesays.com\/se\/wp-json\/wp\/v2\/users\/2"}],"replies":[{"embeddable":true,"href":"https:\/\/www.europesays.com\/se\/wp-json\/wp\/v2\/comments?post=127388"}],"version-history":[{"count":0,"href":"https:\/\/www.europesays.com\/se\/wp-json\/wp\/v2\/posts\/127388\/revisions"}],"wp:featuredmedia":[{"embeddable":true,"href":"https:\/\/www.europesays.com\/se\/wp-json\/wp\/v2\/media\/127389"}],"wp:attachment":[{"href":"https:\/\/www.europesays.com\/se\/wp-json\/wp\/v2\/media?parent=127388"}],"wp:term":[{"taxonomy":"category","embeddable":true,"href":"https:\/\/www.europesays.com\/se\/wp-json\/wp\/v2\/categories?post=127388"},{"taxonomy":"post_tag","embeddable":true,"href":"https:\/\/www.europesays.com\/se\/wp-json\/wp\/v2\/tags?post=127388"}],"curies":[{"name":"wp","href":"https:\/\/api.w.org\/{rel}","templated":true}]}}