{"id":127393,"date":"2026-01-06T15:00:12","date_gmt":"2026-01-06T15:00:12","guid":{"rendered":"https:\/\/www.europesays.com\/se\/127393\/"},"modified":"2026-01-06T15:00:12","modified_gmt":"2026-01-06T15:00:12","slug":"christina-schollins-nystart-efter-hans-wahlgrens-bortgang","status":"publish","type":"post","link":"https:\/\/www.europesays.com\/se\/127393\/","title":{"rendered":"Christina Schollins nystart efter Hans Wahlgrens bortg\u00e5ng"},"content":{"rendered":"<p>Publicerad 6 jan 2026 kl 13.27<\/p>\n<p>Det har g\u00e5tt 1,5 \u00e5r sedan Hans Wahlgrens bortg\u00e5ng.\u00a0<\/p>\n<p>I <a href=\"https:\/\/www.tv4play.se\/klipp\/79ef123abed77aa08a99\/video-christina-schollin-om-nystarten-efter-makens-bortgang?playlist=2yE9Sc0QB2bv4SkDfRdSzt\" rel=\"nofollow noopener\" target=\"_blank\">\u201dNyhetsmorgon\u201d<\/a> i TV4 ber\u00e4ttar Christina Schollin om sjukdomstiden och sorge\u00e5ret som nu n\u00e5tt sitt slut.<\/p>\n<p>\u2013 Jag har ju startat ett nytt kapitel i livet d\u00e5 jag ska f\u00f6rs\u00f6ka l\u00e4ra mig att leva ensam, s\u00e4ger Schollin.<\/p>\n<p>Senaste klippen fr\u00e5n Expressen inom n\u00f6je.<img   alt=\"\"\/><\/p>\n<p>P\u00e5 tisdagen g\u00e4stade Christina Schollin \u201dNyhetsmorgon\u201d.<\/p>\n<p>Foto: TV4<\/p>\n<p>\u00d6ppna bild i helsk\u00e4rm<img loading=\"lazy\"   alt=\"\"\/><\/p>\n<p>D\u00e5 ber\u00e4ttade hon om sorgen efter maken Hans Wahlgrens bortg\u00e5ng.<\/p>\n<p>Foto: TV4<\/p>\n<p>\u00d6ppna bild i helsk\u00e4rm<img loading=\"lazy\"   alt=\"\"\/><\/p>\n<p>Christina Schollin och Hans Wahlgren.<\/p>\n<p>Foto: Karin T\u00f6rnblom \/ IBL<\/p>\n<p>\u00d6ppna bild i helsk\u00e4rm<\/p>\n<p>I maj 2024 gick Hans Wahlgren bort efter att ha drabbats av obotlig cancer. <a href=\"https:\/\/www.expressen.se\/noje\/hans-wahlgren-ar-dod-\/\" rel=\"nofollow noopener\" target=\"_blank\">Han somnade in<\/a> i huset p\u00e5 Norra Lagn\u00f6, med familjen vid sin sida.\u00a0<\/p>\n<p>I TV4:s \u201dNyhetsmorgon\u201d ber\u00e4ttar nu hans hustru <a href=\"https:\/\/www.expressen.se\/tagg\/person\/christina-schollin\/\" class=\"\" rel=\"nofollow noopener\" target=\"_blank\">Christina Schollin<\/a>, 88, om den sv\u00e5ra tiden.<\/p>\n<p>\u2013 Det \u00e4r ju en process som man g\u00e5r igenom. Dels n\u00e4r man f\u00e5r reda p\u00e5 att cancern \u00e4r obotlig och att det kan g\u00e5 fort. D\u00e5 befinner man sig ju i en bubbla, en sjukdomsbubbla, s\u00e4ger Schollin.\u00a0<\/p>\n<p>Hon f\u00f6rklarar att n\u00e4r de fick beskedet best\u00e4mde hon sig f\u00f6r att se till att makens sista tid skulle bli s\u00e5 bra som m\u00f6jligt. Hon ville att han skulle ha \u201dlivskvalitet in i det sista\u201d, vilket hon lyckades med.\u00a0<\/p>\n<p>\u2013 Det blev ett s\u00e5nt vackert avslut och det har ju varit ett sorge\u00e5r som nu \u00e4r till \u00e4nda f\u00f6r att det \u00e4r \u00f6ver ett och ett halvt \u00e5r sedan. Och man m\u00e5ste vara med i den processen s\u00e5 att man tar till vara p\u00e5 alla de k\u00e4nslor som uppkommer och det gjorde jag faktiskt under detta sorge\u00e5r, s\u00e4ger sk\u00e5despelaren och forts\u00e4tter:<\/p>\n<p>\u2013 Men efter hand s\u00e5 har jag kommit underfund med att sorgen \u00f6ver att Hans inte finns med oss h\u00e4r p\u00e5 jorden l\u00e4ngre har f\u00f6rbytts i en gl\u00e4dje \u00f6ver att vi fick 67 \u00e5r tillsammans. Och en gl\u00e4dje \u00f6ver de fina \u00e5ren vi hade. Och vad vi skapade tillsammans. Vi gjorde fyra barn.\u00a0<\/p>\n<p>\u201dJag ska f\u00f6rs\u00f6ka l\u00e4ra mig att eva ensam\u201d<\/p>\n<p>I dag k\u00e4nner Christina Schollin att gl\u00e4djen \u00e4r st\u00f6rre \u00e4n sorgen. Nu vill hon ta vara p\u00e5 tiden hon har framf\u00f6r sig. Hon har bland annat p\u00e5b\u00f6rjat sina nya memoarer som tar vid d\u00e4r den f\u00f6rra boken, som hon sl\u00e4ppte f\u00f6r sex \u00e5r sedan, slutade.\u00a0<\/p>\n<p>\u2013 Jag har ju startat ett nytt kapitel i livet d\u00e5 jag ska f\u00f6rs\u00f6ka l\u00e4ra mig att leva ensam och l\u00e4ra mig det h\u00e4r nya. Det g\u00e5r b\u00e4ttre och b\u00e4ttre.<\/p>\n","protected":false},"excerpt":{"rendered":"Publicerad 6 jan 2026 kl 13.27 Det har g\u00e5tt 1,5 \u00e5r sedan Hans Wahlgrens bortg\u00e5ng.\u00a0 I \u201dNyhetsmorgon\u201d i&hellip;\n","protected":false},"author":2,"featured_media":127394,"comment_status":"","ping_status":"","sticky":false,"template":"","format":"standard","meta":{"footnotes":""},"categories":[67],"tags":[104,1245,843,34,31,33,32,30,427,310,105],"class_list":{"0":"post-127393","1":"post","2":"type-post","3":"status-publish","4":"format-standard","5":"has-post-thumbnail","7":"category-underhallning","8":"tag-entertainment","9":"tag-organization-nyhetsmorgon","10":"tag-person-christina-schollin","11":"tag-se","12":"tag-svenska","13":"tag-sverige","14":"tag-sweden","15":"tag-swedish","16":"tag-topic-dodsfall","17":"tag-topic-kandisar","18":"tag-underhallning"},"share_on_mastodon":{"url":"https:\/\/pubeurope.com\/@se\/115848755572200575","error":""},"_links":{"self":[{"href":"https:\/\/www.europesays.com\/se\/wp-json\/wp\/v2\/posts\/127393","targetHints":{"allow":["GET"]}}],"collection":[{"href":"https:\/\/www.europesays.com\/se\/wp-json\/wp\/v2\/posts"}],"about":[{"href":"https:\/\/www.europesays.com\/se\/wp-json\/wp\/v2\/types\/post"}],"author":[{"embeddable":true,"href":"https:\/\/www.europesays.com\/se\/wp-json\/wp\/v2\/users\/2"}],"replies":[{"embeddable":true,"href":"https:\/\/www.europesays.com\/se\/wp-json\/wp\/v2\/comments?post=127393"}],"version-history":[{"count":0,"href":"https:\/\/www.europesays.com\/se\/wp-json\/wp\/v2\/posts\/127393\/revisions"}],"wp:featuredmedia":[{"embeddable":true,"href":"https:\/\/www.europesays.com\/se\/wp-json\/wp\/v2\/media\/127394"}],"wp:attachment":[{"href":"https:\/\/www.europesays.com\/se\/wp-json\/wp\/v2\/media?parent=127393"}],"wp:term":[{"taxonomy":"category","embeddable":true,"href":"https:\/\/www.europesays.com\/se\/wp-json\/wp\/v2\/categories?post=127393"},{"taxonomy":"post_tag","embeddable":true,"href":"https:\/\/www.europesays.com\/se\/wp-json\/wp\/v2\/tags?post=127393"}],"curies":[{"name":"wp","href":"https:\/\/api.w.org\/{rel}","templated":true}]}}