{"id":127395,"date":"2026-01-06T15:01:07","date_gmt":"2026-01-06T15:01:07","guid":{"rendered":"https:\/\/www.europesays.com\/se\/127395\/"},"modified":"2026-01-06T15:01:07","modified_gmt":"2026-01-06T15:01:07","slug":"ny-analys-avslojar-hapnadsvackande-manskligt-drag-hos-sju-miljoner-ar-gammal-art","status":"publish","type":"post","link":"https:\/\/www.europesays.com\/se\/127395\/","title":{"rendered":"Ny analys avsl\u00f6jar h\u00e4pnadsv\u00e4ckande m\u00e4nskligt drag hos sju miljoner \u00e5r gammal art"},"content":{"rendered":"<p>Ett kranium. Inget mer.<\/p>\n<p>Det var vad forskare sade efter att en h\u00e4pnadsv\u00e4ckande fossil gr\u00e4vdes upp ur Tchad\u00f6knen i b\u00f6rjan av 2000-talet.<\/p>\n<p>\u00c4nd\u00e5 v\u00e4ckte det enorm uppst\u00e5ndelse. Sahelanthropus tchadensis, \u00e4ven k\u00e4nd som Touma\u00ef, var ungef\u00e4r sju miljoner \u00e5r gammal och kan vara den tidigaste m\u00e4nskliga f\u00f6rfadern som forskare n\u00e5gonsin hittat.<\/p>\n<p>Men upphetsningen blandades snart med skepsis.<\/p>\n<p>F\u00f6r utan resten av kroppen var det om\u00f6jligt att fastst\u00e4lla en central fr\u00e5ga:<\/p>\n<p>Hur r\u00f6rde sig Touma\u00ef? Var det en tv\u00e5bent pionj\u00e4r inom m\u00e4nskligheten \u2013 eller en apa som bara s\u00e5g lite m\u00e4nsklig ut?<\/p>\n<p>Nu ger nya analyser utf\u00f6rda av forskare vid New Yorks universitet ett tydligare svar.<\/p>\n","protected":false},"excerpt":{"rendered":"Ett kranium. Inget mer. Det var vad forskare sade efter att en h\u00e4pnadsv\u00e4ckande fossil gr\u00e4vdes upp ur Tchad\u00f6knen&hellip;\n","protected":false},"author":2,"featured_media":127396,"comment_status":"","ping_status":"","sticky":false,"template":"","format":"standard","meta":{"footnotes":""},"categories":[66],"tags":[80,78,79,34,31,33,32,30,81,84,83,82],"class_list":{"0":"post-127395","1":"post","2":"type-post","3":"status-publish","4":"format-standard","5":"has-post-thumbnail","7":"category-vetenskap-och-teknik","8":"tag-science","9":"tag-science-and-technology","10":"tag-scienceandtechnology","11":"tag-se","12":"tag-svenska","13":"tag-sverige","14":"tag-sweden","15":"tag-swedish","16":"tag-technology","17":"tag-teknik","18":"tag-vetenskap","19":"tag-vetenskapteknik"},"share_on_mastodon":{"url":"https:\/\/pubeurope.com\/@se\/115848759443449045","error":""},"_links":{"self":[{"href":"https:\/\/www.europesays.com\/se\/wp-json\/wp\/v2\/posts\/127395","targetHints":{"allow":["GET"]}}],"collection":[{"href":"https:\/\/www.europesays.com\/se\/wp-json\/wp\/v2\/posts"}],"about":[{"href":"https:\/\/www.europesays.com\/se\/wp-json\/wp\/v2\/types\/post"}],"author":[{"embeddable":true,"href":"https:\/\/www.europesays.com\/se\/wp-json\/wp\/v2\/users\/2"}],"replies":[{"embeddable":true,"href":"https:\/\/www.europesays.com\/se\/wp-json\/wp\/v2\/comments?post=127395"}],"version-history":[{"count":0,"href":"https:\/\/www.europesays.com\/se\/wp-json\/wp\/v2\/posts\/127395\/revisions"}],"wp:featuredmedia":[{"embeddable":true,"href":"https:\/\/www.europesays.com\/se\/wp-json\/wp\/v2\/media\/127396"}],"wp:attachment":[{"href":"https:\/\/www.europesays.com\/se\/wp-json\/wp\/v2\/media?parent=127395"}],"wp:term":[{"taxonomy":"category","embeddable":true,"href":"https:\/\/www.europesays.com\/se\/wp-json\/wp\/v2\/categories?post=127395"},{"taxonomy":"post_tag","embeddable":true,"href":"https:\/\/www.europesays.com\/se\/wp-json\/wp\/v2\/tags?post=127395"}],"curies":[{"name":"wp","href":"https:\/\/api.w.org\/{rel}","templated":true}]}}