{"id":127399,"date":"2026-01-06T15:05:16","date_gmt":"2026-01-06T15:05:16","guid":{"rendered":"https:\/\/www.europesays.com\/se\/127399\/"},"modified":"2026-01-06T15:05:16","modified_gmt":"2026-01-06T15:05:16","slug":"klart-floppvarvningen-far-lamna-hockeysverige-se","status":"publish","type":"post","link":"https:\/\/www.europesays.com\/se\/127399\/","title":{"rendered":"Klart: Floppv\u00e4rvningen f\u00e5r l\u00e4mna &#8211; hockeysverige.se"},"content":{"rendered":"<p><strong>Ett m\u00e5l p\u00e5 31 matcher.<br \/>Det blev floppv\u00e4rvningen Sean Malones facit i \u00d6rebro.<br \/>Nu g\u00e5r parterna skilda v\u00e4gar.<\/strong><\/p>\n<p><img loading=\"lazy\" decoding=\"async\" width=\"1024\" height=\"658\" src=\"https:\/\/www.europesays.com\/se\/wp-content\/uploads\/2026\/01\/SM0106-1024x658.webp.webp\" alt=\"\" class=\"wp-image-342431\"  \/>Sean Malone l\u00e4mnar \u00d6rebro f\u00f6r en \u00e5terkomst till SCL Tigers.<br \/><strong>Foto:<\/strong> Bildbyr\u00e5n (Montage)<\/p>\n<p><a href=\"https:\/\/hockeysverige.se\/klubb\/orebro-hockey\" rel=\"nofollow noopener\" target=\"_blank\">\u00d6rebro<\/a> meddelar <a href=\"https:\/\/www.orebrohockey.se\/article\/s48at8f-3afc1\/view\" rel=\"nofollow noopener\" target=\"_blank\">via sin hemsida<\/a> att man enats med floppv\u00e4rvningen Sean Malone om att bryta avtalet. Amerikanen hade ett \u00e5r kvar p\u00e5 kontraktet efter den h\u00e4r s\u00e4songen, men parterna har nu kommit \u00f6verens om att g\u00e5 skilda v\u00e4gar.<\/p>\n<p>Malone noterades f\u00f6r ett m\u00e5l och totalt nio po\u00e4ng p\u00e5 de 31 <a href=\"https:\/\/hockeysverige.se\/shl\/\" rel=\"nofollow noopener\" target=\"_blank\">SHL<\/a>-matcher han gjorde med \u00d6rebro.<\/p>\n<p>\u2013 S\u00e4songen har inte blivit som varken vi eller Sean \u00f6nskade och det k\u00e4nns d\u00e4rf\u00f6r bra att vi nu kommit fram till att avsluta kontraktet. Samtidigt har vi kommit \u00f6verens med\u00a0SCL Tigers, d\u00e4r Sean nu kommer forts\u00e4tta s\u00e4songen, s\u00e4ger sportchefen Henrik L\u00f6wdahl.<\/p>\n<p>S\u00e4ljs tillbaka till sin tidigare klubb<\/p>\n<p>Malone \u00e5terv\u00e4nder till schweiziska SCL Tigers, d\u00e4r han f\u00f6rra s\u00e4songen slutade p\u00e5 en tredjeplats i lagets interna po\u00e4ngliga med sina 30 po\u00e4ng p\u00e5 39 matcher. P\u00e5 sin sajt skriver \u00d6rebro att \u00f6verg\u00e5ngen skett <a href=\"https:\/\/www.orebrohockey.se\/article\/uihat8f-3afc1\/view\" rel=\"nofollow noopener\" target=\"_blank\">genom en f\u00f6rs\u00e4ljning<\/a>.<\/p>\n<p>\u2013 Det h\u00e4r \u00e4r en bra l\u00f6sning f\u00f6r b\u00e5da parter. Vi kom \u00f6verens om att sl\u00e4ppa Sean, s\u00e5 det har inte varit s\u00e5 dramatiskt, s\u00e4ger L\u00f6wdahl.<\/p>\n<p>Vidare ber\u00e4ttar L\u00f6wdahl att arbetet forts\u00e4tter med att f\u00f6rst\u00e4rka truppen, och att man initialt v\u00e4ljer att plocka hem utl\u00e5nade <a href=\"https:\/\/hockeysverige.se\/spelare\/svante-sjodin\/\" rel=\"nofollow noopener\" target=\"_blank\">Svante Sj\u00f6din<\/a> fr\u00e5n V\u00e4ster\u00e5s i Hockeyallsvenskan.<\/p>\n<p> Source: <a href=\"https:\/\/www.eliteprospects.com\/player\/118664\/sean-malone\" target=\"_blank\" rel=\"noopener noreferrer nofollow\">Sean Malone<\/a> @ Elite Prospects<\/p>\n","protected":false},"excerpt":{"rendered":"Ett m\u00e5l p\u00e5 31 matcher.Det blev floppv\u00e4rvningen Sean Malones facit i \u00d6rebro.Nu g\u00e5r parterna skilda v\u00e4gar. Sean Malone&hellip;\n","protected":false},"author":2,"featured_media":127400,"comment_status":"","ping_status":"","sticky":false,"template":"","format":"standard","meta":{"footnotes":""},"categories":[5],"tags":[22,23,26,27,17,21,24,25,28,29,15,1298,16,18,34,133,134,31,33,32,30,19,20],"class_list":{"0":"post-127399","1":"post","2":"type-post","3":"status-publish","4":"format-standard","5":"has-post-thumbnail","7":"category-rubriker","8":"tag-breaking-news","9":"tag-breakingnews","10":"tag-featured-news","11":"tag-featurednews","12":"tag-headlines","13":"tag-huvudnyheter","14":"tag-latest-news","15":"tag-latestnews","16":"tag-main-news","17":"tag-mainnews","18":"tag-news","19":"tag-nl","20":"tag-nyheter","21":"tag-rubriker","22":"tag-se","23":"tag-second-news","24":"tag-shl","25":"tag-svenska","26":"tag-sverige","27":"tag-sweden","28":"tag-swedish","29":"tag-top-stories","30":"tag-topstories"},"share_on_mastodon":{"url":"https:\/\/pubeurope.com\/@se\/115848775200406704","error":""},"_links":{"self":[{"href":"https:\/\/www.europesays.com\/se\/wp-json\/wp\/v2\/posts\/127399","targetHints":{"allow":["GET"]}}],"collection":[{"href":"https:\/\/www.europesays.com\/se\/wp-json\/wp\/v2\/posts"}],"about":[{"href":"https:\/\/www.europesays.com\/se\/wp-json\/wp\/v2\/types\/post"}],"author":[{"embeddable":true,"href":"https:\/\/www.europesays.com\/se\/wp-json\/wp\/v2\/users\/2"}],"replies":[{"embeddable":true,"href":"https:\/\/www.europesays.com\/se\/wp-json\/wp\/v2\/comments?post=127399"}],"version-history":[{"count":0,"href":"https:\/\/www.europesays.com\/se\/wp-json\/wp\/v2\/posts\/127399\/revisions"}],"wp:featuredmedia":[{"embeddable":true,"href":"https:\/\/www.europesays.com\/se\/wp-json\/wp\/v2\/media\/127400"}],"wp:attachment":[{"href":"https:\/\/www.europesays.com\/se\/wp-json\/wp\/v2\/media?parent=127399"}],"wp:term":[{"taxonomy":"category","embeddable":true,"href":"https:\/\/www.europesays.com\/se\/wp-json\/wp\/v2\/categories?post=127399"},{"taxonomy":"post_tag","embeddable":true,"href":"https:\/\/www.europesays.com\/se\/wp-json\/wp\/v2\/tags?post=127399"}],"curies":[{"name":"wp","href":"https:\/\/api.w.org\/{rel}","templated":true}]}}