{"id":127413,"date":"2026-01-06T15:17:07","date_gmt":"2026-01-06T15:17:07","guid":{"rendered":"https:\/\/www.europesays.com\/se\/127413\/"},"modified":"2026-01-06T15:17:07","modified_gmt":"2026-01-06T15:17:07","slug":"arets-mest-efter-langtade-musiknyheter","status":"publish","type":"post","link":"https:\/\/www.europesays.com\/se\/127413\/","title":{"rendered":"\u00c5rets mest efter-\nl\u00e4ngtade musiknyheter"},"content":{"rendered":"<p>Publicerad 6 jan 2026 kl 15.52<\/p>\n<p>Lana del Rey och Charli XCX sl\u00e4pper album.\u00a0<\/p>\n<p>Bad Bunny spelar p\u00e5 Super Bowl \u2013 och kommer till Sverige.\u00a0<\/p>\n<p>Efterl\u00e4ngtad musik \u00e4r temat f\u00f6r f\u00f6rsta halvan av 2026.\u00a0<\/p>\n<p>Senaste n\u00f6jesklippen fr\u00e5n Expressen.<img   alt=\"\"\/><\/p>\n<p>Charlie XCX.<\/p>\n<p>Foto: Anthony Harvey \/ SHUTTERSTOCK EDITORIAL\/IBL<\/p>\n<p>\u00d6ppna bild i helsk\u00e4rm<img loading=\"lazy\"   alt=\"\"\/><\/p>\n<p>Bad Bunny.<\/p>\n<p>Foto: ISAAC ESQUIVEL \/ EPA \/ TT \/ EPA TT NYHETSBYR\u00c5N<\/p>\n<p>\u00d6ppna bild i helsk\u00e4rm<img loading=\"lazy\"   alt=\"\"\/><\/p>\n<p>Lana del Rey.<\/p>\n<p>Foto: STINA STJERNKVIST \/ TT NYHETSBYR\u00c5N<\/p>\n<p>\u00d6ppna bild i helsk\u00e4rm<\/p>\n<p>Nej, det finns inget datum \u00e4nnu f\u00f6r <a href=\"https:\/\/www.expressen.se\/tagg\/person\/lana-del-rey\/\" class=\"\" rel=\"nofollow noopener\" target=\"_blank\">Lana del Reys<\/a> uppskjutna album \u201dStove\u201d \u2013 men allt tyder p\u00e5 att det kommer i slutet av januari.\u00a0<\/p>\n<p>Den 13 februari ger Charli XCX ut sin nya skiva, men den som v\u00e4ntar sig en ny \u201dBrat\u201d blir kanske besviken. \u201dWuthering heights\u201d \u00e4r precis, som titeln antyder, soundtracket till Emerald Fennells filmatisering av Emily Bront\u00ebs klassiker.\u00a0<\/p>\n<p>Super Bowl och Sverige<\/p>\n<p>Bad Bunny g\u00f6r halvtidsshowen p\u00e5 Super Bowl i \u00e5r \u2013 ett evenemang som bara \u00e4r till f\u00f6r de allra st\u00f6rsta artisterna. Tur d\u00e5 f\u00f6r de svenska fansen att han ocks\u00e5 kommer till Strawberry arena i Stockholm f\u00f6r tv\u00e5 spelningar i juli.\u00a0<\/p>\n<p>Den som \u00e4r sugen p\u00e5 att uppleva ett av Sveriges mest hajpade unga band innan de blir riktigt stora ser Nektar p\u00e5 Pustervik i G\u00f6teborg 17\/1. Om man inte redan har biljett till den uts\u00e5lda konserten finns det m\u00f6jlighet att se G\u00f6teborgsbandet p\u00e5 Hurulas turn\u00e9, med premi\u00e4r i Karlstad 23\/1.\u00a0<\/p>\n<p>Ett antal megastj\u00e4rnor g\u00f6r ocks\u00e5 nedslag i Sverige p\u00e5 sina turn\u00e9er, bland dem Pitbull, Foo Fighters och The Weeknd, som tar med sig Playboy Carti till Strawberry arena i augusti.\u00a0<\/p>\n<p>Raye och Sombr<\/p>\n<p>Brittiska Raye, som fick en v\u00e4rldshit med \u201dWhere is my husband\u201d 2025, kommer till Avicii arena den 7\/2 och det 20-\u00e5riga amerikanska stj\u00e4rnskottet Sombr, med hitl\u00e5tar som \u201dBack to friends\u201d och \u201d12 to 12\u201d, spelar p\u00e5 Annexet i Stockholm den 10\/2.\u00a0<\/p>\n<p>I slutet av sommaren bjuder Way Out West p\u00e5 ett p\u00e4rlband av artister \u2013 m\u00e5nga av dem med en \u00e4ldre fanbase. The Cure, Gorillaz, Nick Cave and the Bad Seeds och The XX \u00e4r n\u00e5gra av dem som spelar p\u00e5 festivalen i G\u00f6teborg. Men det finns ocks\u00e5 chans att spana in rockv\u00e4rldens mest hyllade nya stj\u00e4rnor: Geese fr\u00e5n New York.\u00a0<\/p>\n","protected":false},"excerpt":{"rendered":"Publicerad 6 jan 2026 kl 15.52 Lana del Rey och Charli XCX sl\u00e4pper album.\u00a0 Bad Bunny spelar p\u00e5&hellip;\n","protected":false},"author":2,"featured_media":127414,"comment_status":"","ping_status":"","sticky":false,"template":"","format":"standard","meta":{"footnotes":""},"categories":[67],"tags":[104,13199,34,775,31,33,32,30,402,310,143,105],"class_list":{"0":"post-127413","1":"post","2":"type-post","3":"status-publish","4":"format-standard","5":"has-post-thumbnail","7":"category-underhallning","8":"tag-entertainment","9":"tag-person-lana-del-rey","10":"tag-se","11":"tag-sections-musik","12":"tag-svenska","13":"tag-sverige","14":"tag-sweden","15":"tag-swedish","16":"tag-topic-artister","17":"tag-topic-kandisar","18":"tag-topic-konsert","19":"tag-underhallning"},"share_on_mastodon":{"url":"https:\/\/pubeurope.com\/@se\/115848822469993726","error":""},"_links":{"self":[{"href":"https:\/\/www.europesays.com\/se\/wp-json\/wp\/v2\/posts\/127413","targetHints":{"allow":["GET"]}}],"collection":[{"href":"https:\/\/www.europesays.com\/se\/wp-json\/wp\/v2\/posts"}],"about":[{"href":"https:\/\/www.europesays.com\/se\/wp-json\/wp\/v2\/types\/post"}],"author":[{"embeddable":true,"href":"https:\/\/www.europesays.com\/se\/wp-json\/wp\/v2\/users\/2"}],"replies":[{"embeddable":true,"href":"https:\/\/www.europesays.com\/se\/wp-json\/wp\/v2\/comments?post=127413"}],"version-history":[{"count":0,"href":"https:\/\/www.europesays.com\/se\/wp-json\/wp\/v2\/posts\/127413\/revisions"}],"wp:featuredmedia":[{"embeddable":true,"href":"https:\/\/www.europesays.com\/se\/wp-json\/wp\/v2\/media\/127414"}],"wp:attachment":[{"href":"https:\/\/www.europesays.com\/se\/wp-json\/wp\/v2\/media?parent=127413"}],"wp:term":[{"taxonomy":"category","embeddable":true,"href":"https:\/\/www.europesays.com\/se\/wp-json\/wp\/v2\/categories?post=127413"},{"taxonomy":"post_tag","embeddable":true,"href":"https:\/\/www.europesays.com\/se\/wp-json\/wp\/v2\/tags?post=127413"}],"curies":[{"name":"wp","href":"https:\/\/api.w.org\/{rel}","templated":true}]}}