{"id":127421,"date":"2026-01-06T15:25:11","date_gmt":"2026-01-06T15:25:11","guid":{"rendered":"https:\/\/www.europesays.com\/se\/127421\/"},"modified":"2026-01-06T15:25:11","modified_gmt":"2026-01-06T15:25:11","slug":"en-historiker-i-gaza-av-jean-pierre-filiu","status":"publish","type":"post","link":"https:\/\/www.europesays.com\/se\/127421\/","title":{"rendered":"\u201dEn historiker i Gaza\u201d av Jean-Pierre Filiu"},"content":{"rendered":"<p>Publicerad 6 jan 2026 kl 14.00<\/p>\n<p>Historikern Jean-Pierre Filiu lyckades ta sig in i Gaza tillsammans med en grupp hj\u00e4lparbetare.\u00a0<\/p>\n<p>Theo Vareman l\u00e4ser hans sorgsna vittnesm\u00e5l \u2013 som ocks\u00e5 \u00e4r en varning.\u00a0<\/p>\n<p><img   alt=\"\"\/><\/p>\n<p>I Khan Yunis \u00e4r f\u00f6rst\u00f6relsen enorm.<\/p>\n<p>Foto: AA \/ STELLA PICTURES<\/p>\n<p>\u00d6ppna bild i helsk\u00e4rm<img loading=\"lazy\"   alt=\"\"\/><\/p>\n<p>Jean-Pierre Filiu lyckades ta sig in i Gaza. \u201dEn historiker i Gaza\u201d \u00e4r hans vittnesm\u00e5l.<\/p>\n<p>Foto: Pierre Hybre\/MYOP \/ Fri Tanke<\/p>\n<p>\u00d6ppna bild i helsk\u00e4rm<\/p>\n<p><strong>RECENSION. <\/strong>Sedan kriget i Gaza b\u00f6rjade f\u00f6r mer \u00e4n tv\u00e5 \u00e5r sedan har den lilla landremsan varit helt st\u00e4ngd f\u00f6r journalister. Som <a href=\"https:\/\/www.expressen.se\/kultur\/darfor-vill-netanyahu-inte--slappa-in-journalister\/\" rel=\"nofollow noopener\" target=\"_blank\"><strong>Tonchi Percan <\/strong><\/a>tidigare skrivit p\u00e5 denna sida \u00e4r detta i princip unikt \u2013 \u00e4ven under Jugoslavienkrigens mest brutala perioder hade medierna tillg\u00e5ng till regionen.<\/p>\n<p>Mot denna bakgrund blir den franske akademikern <strong>Jean-Pierre Filius<\/strong> bok \u201dEn historiker i <a href=\"https:\/\/www.expressen.se\/tagg\/location\/gaza\/\" class=\"\" rel=\"nofollow noopener\" target=\"_blank\">Gaza<\/a>\u201d n\u00e5got mycket speciellt. Filiu lyckades n\u00e4mligen ta sig in i det palestinska omr\u00e5det under en dryg m\u00e5nad kring \u00e5rsskiftet 2024\/2025, som del av en delegation med internationella hj\u00e4lparbetare. I sin sorgsna, mycket v\u00e4lskrivna bok varvar han sina egna vittnesm\u00e5l med konfliktens historia.<\/p>\n<p>Det \u00e4r en rapport fr\u00e5n ett samh\u00e4lle i fullst\u00e4ndigt s\u00f6nderfall. F\u00f6rutom kylan i t\u00e4ltl\u00e4gren invid havet, sv\u00e4lten och r\u00e4dslan f\u00f6r israeliska attacker eller en ny f\u00f6rdrivning, visar Filiu ocks\u00e5 hur grundl\u00e4ggande institutioner och normer slagits s\u00f6nder i Gaza. Kriminella g\u00e4ng drar f\u00f6rdel av det pl\u00f6tsliga maktvakuum som uppst\u00e5tt, och den mellanm\u00e4nskliga tilliten urholkas. N\u00e5got som till viss del st\u00e4rker Hamas, eftersom de \u00e5tminstone f\u00f6rs\u00f6ker uppr\u00e4tth\u00e5lla n\u00e5gon form av lag och ordning.<\/p>\n<p><img loading=\"lazy\"   alt=\"\"\/>\u00d6ppna bild i helsk\u00e4rm<\/p>\n<p>Som b\u00e4st \u00e4r Filiu i sina observationer av det vardagliga, som i hur Gazaborna tolkar sin framtid efter hur priserna p\u00e5 insmugglade cigaretter varierar. Om cigaretterna blir billigare, tyder det p\u00e5 att smugglarna vill s\u00e4lja slut p\u00e5 sina lager, vilket allts\u00e5 antyder att kriget, och den totala blockaden det f\u00f6rt med sig, kan vara p\u00e5 v\u00e4g att ta slut.\u00a0<\/p>\n<p>Jag hade \u00f6nskat att boken kunde stanna vid \u00e4nnu fler s\u00e5dana scener, h\u00e4mtade fr\u00e5n Filius eget vittnesm\u00e5l. \u00c4ven om en st\u00f6rre kontext f\u00f6rst\u00e5s \u00e4r viktig, \u00e4r det just den personliga rapporten inifr\u00e5n Gazaremsan som g\u00f6r boken unik.<\/p>\n<p>Filiu avslutar med att konstatera att det senaste kriget, om \u00e4n unikt i sin sl\u00e5ende brutalitet, p\u00e5 s\u00e4tt och vis inte f\u00f6r\u00e4ndrar n\u00e5got f\u00f6r Gaza; det \u00e4r bara det senaste kapitlet i den cykel av v\u00e5ld och \u00e5teruppbyggnad som l\u00e4nge pr\u00e4glat omr\u00e5det. Det som d\u00e4remot har f\u00f6r\u00e4ndrats, menar han, \u00e4r att omv\u00e4rlden denna g\u00e5ng knappast har kunnat blunda f\u00f6r vad som skett \u2013 men \u00e4nd\u00e5 har l\u00e5tit det fortg\u00e5. N\u00e5got som \u00f6ppnar upp f\u00f6r en mycket farligare v\u00e4rld.<\/p>\n<blockquote><p>Han pekar s\u00e4rskilt p\u00e5 hur Europa har brustit.<\/p><\/blockquote>\n<p>Liksom <strong>Slavoj Zizek<\/strong> insisterar Filiu n\u00e4mligen p\u00e5 parallellen mellan vad Israel g\u00f6r i Gaza och vad Ryssland g\u00f6r i Ukraina, och att misslyckandet med att f\u00f6rd\u00f6ma det ena urholkar kritiken mot det andra. Han pekar s\u00e4rskilt p\u00e5 hur Europa har brustit i detta, och d\u00e4rigenom har bidragit till att st\u00e4rka den nya v\u00e4rldsordning, d\u00e4r makt ger r\u00e4tt, som europeiska ledare ironiskt nog samtidigt beklagar sig \u00f6ver.\u00a0<\/p>\n<p>P\u00e5 s\u00e5 vis blir \u201dEn historiker i Gaza\u201d allts\u00e5 inte bara en rapport fr\u00e5n den palestinska enklaven \u2013 utan ocks\u00e5 en varning inf\u00f6r den framtid som v\u00e4ntar.<\/p>\n<p>SAKPROSA<\/p>\n<p>JEAN-PIERRE FILIU<\/p>\n<p>En historiker i Gaza<\/p>\n<p>\u00d6vers\u00e4ttning Thomas Andersson<\/p>\n<p>Fri tanke, 171 s.<\/p>\n<p>Visa mer<\/p>\n<p>Theo Vareman \u00e4r kritiker och medarbetare p\u00e5 Expressens kultursida.\u00a0<\/p>\n","protected":false},"excerpt":{"rendered":"Publicerad 6 jan 2026 kl 14.00 Historikern Jean-Pierre Filiu lyckades ta sig in i Gaza tillsammans med en&hellip;\n","protected":false},"author":2,"featured_media":127422,"comment_status":"","ping_status":"","sticky":false,"template":"","format":"standard","meta":{"footnotes":""},"categories":[67],"tags":[104,56,58,3755,34,438,31,33,32,30,1515,105],"class_list":{"0":"post-127421","1":"post","2":"type-post","3":"status-publish","4":"format-standard","5":"has-post-thumbnail","7":"category-underhallning","8":"tag-entertainment","9":"tag-location-gaza","10":"tag-location-israel","11":"tag-organization-expressen-kultur","12":"tag-se","13":"tag-sections-bocker","14":"tag-svenska","15":"tag-sverige","16":"tag-sweden","17":"tag-swedish","18":"tag-topic-bokrecensioner","19":"tag-underhallning"},"share_on_mastodon":{"url":"https:\/\/pubeurope.com\/@se\/115848853719760377","error":""},"_links":{"self":[{"href":"https:\/\/www.europesays.com\/se\/wp-json\/wp\/v2\/posts\/127421","targetHints":{"allow":["GET"]}}],"collection":[{"href":"https:\/\/www.europesays.com\/se\/wp-json\/wp\/v2\/posts"}],"about":[{"href":"https:\/\/www.europesays.com\/se\/wp-json\/wp\/v2\/types\/post"}],"author":[{"embeddable":true,"href":"https:\/\/www.europesays.com\/se\/wp-json\/wp\/v2\/users\/2"}],"replies":[{"embeddable":true,"href":"https:\/\/www.europesays.com\/se\/wp-json\/wp\/v2\/comments?post=127421"}],"version-history":[{"count":0,"href":"https:\/\/www.europesays.com\/se\/wp-json\/wp\/v2\/posts\/127421\/revisions"}],"wp:featuredmedia":[{"embeddable":true,"href":"https:\/\/www.europesays.com\/se\/wp-json\/wp\/v2\/media\/127422"}],"wp:attachment":[{"href":"https:\/\/www.europesays.com\/se\/wp-json\/wp\/v2\/media?parent=127421"}],"wp:term":[{"taxonomy":"category","embeddable":true,"href":"https:\/\/www.europesays.com\/se\/wp-json\/wp\/v2\/categories?post=127421"},{"taxonomy":"post_tag","embeddable":true,"href":"https:\/\/www.europesays.com\/se\/wp-json\/wp\/v2\/tags?post=127421"}],"curies":[{"name":"wp","href":"https:\/\/api.w.org\/{rel}","templated":true}]}}