{"id":127460,"date":"2026-01-06T16:19:11","date_gmt":"2026-01-06T16:19:11","guid":{"rendered":"https:\/\/www.europesays.com\/se\/127460\/"},"modified":"2026-01-06T16:19:11","modified_gmt":"2026-01-06T16:19:11","slug":"rysslands-hotfulla-utspel-kidnappa-friedrich-merz","status":"publish","type":"post","link":"https:\/\/www.europesays.com\/se\/127460\/","title":{"rendered":"Rysslands hotfulla utspel: Kidnappa Friedrich Merz"},"content":{"rendered":"<p>Publicerad 6 jan 2026 kl 13.49Uppdaterad kl 16.01<\/p>\n<p>Den tidigare ryska presidenten Dmitrij Medvedev \u00f6ppnar f\u00f6r att kidnappa olika stats- och regeringschefer \u2013 efter USA:s gripande av president Nicol\u00e1s Maduro i Venezuela.\u00a0<\/p>\n<p>\u2013 Kidnappningen av nynazisten Merz skulle kunna vara en utm\u00e4rkt v\u00e4ndning, s\u00e4ger han till statskontrollerade nyhetsbyr\u00e5n Tass.\u00a0<\/p>\n<p>Den tyska regeringen f\u00f6rd\u00f6mer uttalandet, rapporterar <a href=\"https:\/\/www.welt.de\/politik\/ausland\/article695b502cfb77630dac277a28\/ukraine-krieg-merz-sieht-ukraine-am-rand-einer-humanitaeren-energiekrise-liveticker.html\" rel=\"nofollow noopener\" target=\"_blank\">Welt<\/a>.\u00a0<\/p>\n<p><img   alt=\"\"\/><\/p>\n<p>Dmitrij Medvedev \u00e4r en lojal underlydande till president Vladimir Putin.<\/p>\n<p>Foto: EKATERINA SHTUKINA \/ EPA TT NYHETSBYR\u00c5N<\/p>\n<p>\u00d6ppna bild i helsk\u00e4rm<img loading=\"lazy\"   alt=\"\"\/><\/p>\n<p>Tysklands f\u00f6rbundskansler Friedrich Merz.<\/p>\n<p>Foto: NEWS AGENCY GERMANY\/SHUTTERSTOCK \/ SHUTTERSTOCK EDITORIAL\/IBL<\/p>\n<p>\u00d6ppna bild i helsk\u00e4rm<\/p>\n<p>Frispr\u00e5kiga Kreml-toppen Dmitrij Medvedev har lagt i en ny v\u00e4xel efter att Donald Trump under l\u00f6rdagen l\u00e4t specialtrupper gripa och f\u00f6ra bort den venezuelanska presidenten Nicol\u00e1s Maduro i huvudstaden Caracas.\u00a0<\/p>\n<p>Nu har ett nytt utspel fr\u00e5n honom blivit f\u00f6rstasidesstoff i Tyskland.\u00a0<\/p>\n<p>\u2013 Kidnappningen av nynazisten Merz skulle kunna vara en utm\u00e4rkt v\u00e4ndning i denna karneval av sagor, sa Medvedev i en intervju med Tass d\u00e4r han \u00f6ppnade upp f\u00f6r kidnappningar av andra stats- och regeringschefer.\u00a0<\/p>\n<p>Medvedev: \u201dSk\u00e4l att f\u00f6rf\u00f6lja honom i Tyskland\u201d<\/p>\n<p>Han h\u00e4vdade \u00e4ven att det fanns ett visst m\u00e5tt av realism i tanken p\u00e5 att kidnappa Tysklands f\u00f6rbundskansler Friedrich Merz \u2013 som tillsammans med Frankrikes president Emmanuel Macron och Storbritanniens premi\u00e4rminister Keir Starmer tillh\u00f6r de starkaste motst\u00e5ndarna till <a href=\"https:\/\/www.expressen.se\/tagg\/location\/ryssland\/\" class=\"\" rel=\"nofollow noopener\" target=\"_blank\">Rysslands<\/a> anfallskrig mot Ukraina.\u00a0<\/p>\n<p>\u2013 Det finns till och med sk\u00e4l att f\u00f6rf\u00f6lja honom i Tyskland. S\u00e5 det skulle inte vara n\u00e5gon f\u00f6rlust. S\u00e4rskilt eftersom medborgarna lider i on\u00f6dan, sa Medvedev. \u00a0<\/p>\n<p>Den tyska f\u00f6rbundsregeringens bitr\u00e4dande talesperson Sebastian Hille \u201df\u00f6rd\u00f6mer s\u00e5dana hot i starkast m\u00f6jliga ordalag\u201d, rapporterar Welt under m\u00e5ndagen.\u00a0<\/p>\n<p>Samtidigt uppger han att regeringen inte ser n\u00e5gon orsak till att sk\u00e4rpa s\u00e4kerheten runt Merz med anledning av uttalandena. \u00a0\u00a0\u00a0<\/p>\n<p>Har riktat krigshot mot USA<\/p>\n<p>Medvedev har tidigare kallat USA:s agerande \u201den brutal milit\u00e4r operation i ett sj\u00e4lvst\u00e4ndigt land som inte utgjorde n\u00e5got hot mot USA\u201d i ett uttalande till ryska medier.\u00a0<\/p>\n<p>\u201dTeam Trump \u00e4r tufft och cyniskt i att avancera sitt lands intressen. Att avl\u00e4gsna Maduro hade ingenting med droger att g\u00f6ra \u2013 bara olja, och de medger det \u00f6ppet\u201d, skriver Medvedev i ett X-inl\u00e4gg.\u00a0<\/p>\n<p><a href=\"https:\/\/twitter.com\/MedvedevRussiaE\/status\/2007859005478293799\" data-provider=\"twitter\" class=\"js-social-embed\" rel=\"nofollow noopener\" target=\"_blank\">https:\/\/twitter.com\/MedvedevRussiaE\/status\/2007859005478293799<\/a><\/p>\n<p>Medvedev \u00e4r k\u00e4nd f\u00f6r provokativa propagandautspel som ofta tas med en nypa salt.\u00a0<\/p>\n<p>Men som bitr\u00e4dande ordf\u00f6rande f\u00f6r Rysslands nationella s\u00e4kerhetsr\u00e5d har de \u00e4ven viss tyngd.\u00a0<\/p>\n<p>I b\u00f6rjan av augusti meddelade Donald Trump att han l\u00e5tit skicka tv\u00e5 atomub\u00e5tar till \u201dl\u00e4mpliga omr\u00e5den\u201d efter att Medvedev publicerat ett inl\u00e4gg om Donald Trump p\u00e5 X d\u00e4r han skrev:\u00a0<\/p>\n<p>\u201dVarje nytt ultimatum \u00e4r ett hot och ett steg mot krig. Inte mellan Ryssland och Ukraina, utan med hans eget land\u201d.\u00a0<\/p>\n<p>Dmitrij Medvedev har tidigare varit stabschef \u00e5t Vladimir Putin och fick \u201dvikariera\u201d som president fr\u00e5n 2008 till 2012 eftersom Putin d\u00e5 n\u00e5tt begr\u00e4nsningen p\u00e5 tv\u00e5 mandatperioder.\u00a0<\/p>\n<p>Putin \u00e5terv\u00e4nde sedan till presidentposten och efter ett till\u00e4gg i den ryska grundlagen klubbades 2020 s\u00e5 han m\u00f6jlighet att sitta kvar till 2036.\u00a0<\/p>\n<p><img alt=\"\"\/>Ljudklippet gick inte att spela upp<\/p>\n<p>F\u00f6rs\u00f6k igen senare<\/p>\n<p><script async src=\"https:\/\/platform.twitter.com\/widgets.js\" charset=\"utf-8\"><\/script><\/p>\n","protected":false},"excerpt":{"rendered":"Publicerad 6 jan 2026 kl 13.49Uppdaterad kl 16.01 Den tidigare ryska presidenten Dmitrij Medvedev \u00f6ppnar f\u00f6r att kidnappa&hellip;\n","protected":false},"author":2,"featured_media":127461,"comment_status":"","ping_status":"","sticky":false,"template":"","format":"standard","meta":{"footnotes":""},"categories":[5],"tags":[50,22,23,26,27,17,21,24,25,274,57,202,3819,28,29,15,16,543,2172,2816,198,4940,4238,18,34,55,31,33,32,30,19,204,60,49,20],"class_list":{"0":"post-127460","1":"post","2":"type-post","3":"status-publish","4":"format-standard","5":"has-post-thumbnail","7":"category-rubriker","8":"tag-arme-forsvar","9":"tag-breaking-news","10":"tag-breakingnews","11":"tag-featured-news","12":"tag-featurednews","13":"tag-headlines","14":"tag-huvudnyheter","15":"tag-latest-news","16":"tag-latestnews","17":"tag-location-ryssland","18":"tag-location-tyskland","19":"tag-location-ukraina","20":"tag-location-venezuela","21":"tag-main-news","22":"tag-mainnews","23":"tag-news","24":"tag-nyheter","25":"tag-organization-kreml","26":"tag-organization-x","27":"tag-person-dmitrij-medvedev","28":"tag-person-donald-trump","29":"tag-person-friedrich-merz","30":"tag-person-nicolas-maduro","31":"tag-rubriker","32":"tag-se","33":"tag-sections-varlden","34":"tag-svenska","35":"tag-sverige","36":"tag-sweden","37":"tag-swedish","38":"tag-top-stories","39":"tag-topic-amerikansk-politik","40":"tag-topic-krig-konflikt","41":"tag-topic-militar","42":"tag-topstories"},"share_on_mastodon":{"url":"","error":"Validation failed: Text character limit of 500 exceeded"},"_links":{"self":[{"href":"https:\/\/www.europesays.com\/se\/wp-json\/wp\/v2\/posts\/127460","targetHints":{"allow":["GET"]}}],"collection":[{"href":"https:\/\/www.europesays.com\/se\/wp-json\/wp\/v2\/posts"}],"about":[{"href":"https:\/\/www.europesays.com\/se\/wp-json\/wp\/v2\/types\/post"}],"author":[{"embeddable":true,"href":"https:\/\/www.europesays.com\/se\/wp-json\/wp\/v2\/users\/2"}],"replies":[{"embeddable":true,"href":"https:\/\/www.europesays.com\/se\/wp-json\/wp\/v2\/comments?post=127460"}],"version-history":[{"count":0,"href":"https:\/\/www.europesays.com\/se\/wp-json\/wp\/v2\/posts\/127460\/revisions"}],"wp:featuredmedia":[{"embeddable":true,"href":"https:\/\/www.europesays.com\/se\/wp-json\/wp\/v2\/media\/127461"}],"wp:attachment":[{"href":"https:\/\/www.europesays.com\/se\/wp-json\/wp\/v2\/media?parent=127460"}],"wp:term":[{"taxonomy":"category","embeddable":true,"href":"https:\/\/www.europesays.com\/se\/wp-json\/wp\/v2\/categories?post=127460"},{"taxonomy":"post_tag","embeddable":true,"href":"https:\/\/www.europesays.com\/se\/wp-json\/wp\/v2\/tags?post=127460"}],"curies":[{"name":"wp","href":"https:\/\/api.w.org\/{rel}","templated":true}]}}