{"id":127474,"date":"2026-01-06T16:32:16","date_gmt":"2026-01-06T16:32:16","guid":{"rendered":"https:\/\/www.europesays.com\/se\/127474\/"},"modified":"2026-01-06T16:32:16","modified_gmt":"2026-01-06T16:32:16","slug":"kan-inte-kopa-teknik-som-ar-obsolet-om-ett-halvar","status":"publish","type":"post","link":"https:\/\/www.europesays.com\/se\/127474\/","title":{"rendered":"\u201dKan inte k\u00f6pa teknik som \u00e4r obsolet om ett halv\u00e5r\u201d"},"content":{"rendered":"<p>F\u00f6rsvarets materielverk, FMV, v\u00e4xer kraftigt i sp\u00e5ren av f\u00f6rsvarsboomen i Europa, b\u00e5de vad g\u00e4ller antalet best\u00e4llningar och antal anst\u00e4llda. Men utmaningarna \u00e4r m\u00e5nga, s\u00e4ger generaldirekt\u00f6r Mikael Granholm i en intervju med DI Digital. <\/p>\n<p>Ett av problemen \u00e4r kr\u00e5nglig byr\u00e5krati. Ett annat \u00e4r att det \u00e4r sv\u00e5rt hitta r\u00e4tt i valet av ny teknik. <\/p>\n<p>\u2013 Grejen med ny teknik \u00e4r att vi inte kan k\u00f6pa in stora volymer som \u00e4r obsoleta om ett halv\u00e5r. Vi beh\u00f6ver identifiera vilka som har potential att uppdateras.<\/p>\n<p>Omni \u00e4r politiskt obundna och oberoende. Vi str\u00e4var efter att ge fler perspektiv p\u00e5 nyheterna. Har du fr\u00e5gor eller synpunkter kring v\u00e5r rapportering? <a href=\"https:\/\/omni.se\/fmv-kan-inte-kopa-ny-teknik-som-ar-obsolet-om-ett-halvar\/a\/mailto:redaktion@omni.se\" class=\"ArticleActions_contactLink__W2F1M\" rel=\"nofollow noopener\" target=\"_blank\">Kontakta redaktionen<\/a><\/p>\n","protected":false},"excerpt":{"rendered":"F\u00f6rsvarets materielverk, FMV, v\u00e4xer kraftigt i sp\u00e5ren av f\u00f6rsvarsboomen i Europa, b\u00e5de vad g\u00e4ller antalet best\u00e4llningar och antal&hellip;\n","protected":false},"author":2,"featured_media":127475,"comment_status":"","ping_status":"","sticky":false,"template":"","format":"standard","meta":{"footnotes":""},"categories":[65],"tags":[72,333,70,71,381,382,868,334,34,31,33,32,30],"class_list":{"0":"post-127474","1":"post","2":"type-post","3":"status-publish","4":"format-standard","5":"has-post-thumbnail","7":"category-ekonomi","8":"tag-business","9":"tag-data","10":"tag-economy","11":"tag-ekonomi","12":"tag-fmv","13":"tag-forsvarets-materielverk","14":"tag-forsvarsindustri","15":"tag-it-hogteknologi","16":"tag-se","17":"tag-svenska","18":"tag-sverige","19":"tag-sweden","20":"tag-swedish"},"share_on_mastodon":{"url":"https:\/\/pubeurope.com\/@se\/115849117220520541","error":""},"_links":{"self":[{"href":"https:\/\/www.europesays.com\/se\/wp-json\/wp\/v2\/posts\/127474","targetHints":{"allow":["GET"]}}],"collection":[{"href":"https:\/\/www.europesays.com\/se\/wp-json\/wp\/v2\/posts"}],"about":[{"href":"https:\/\/www.europesays.com\/se\/wp-json\/wp\/v2\/types\/post"}],"author":[{"embeddable":true,"href":"https:\/\/www.europesays.com\/se\/wp-json\/wp\/v2\/users\/2"}],"replies":[{"embeddable":true,"href":"https:\/\/www.europesays.com\/se\/wp-json\/wp\/v2\/comments?post=127474"}],"version-history":[{"count":0,"href":"https:\/\/www.europesays.com\/se\/wp-json\/wp\/v2\/posts\/127474\/revisions"}],"wp:featuredmedia":[{"embeddable":true,"href":"https:\/\/www.europesays.com\/se\/wp-json\/wp\/v2\/media\/127475"}],"wp:attachment":[{"href":"https:\/\/www.europesays.com\/se\/wp-json\/wp\/v2\/media?parent=127474"}],"wp:term":[{"taxonomy":"category","embeddable":true,"href":"https:\/\/www.europesays.com\/se\/wp-json\/wp\/v2\/categories?post=127474"},{"taxonomy":"post_tag","embeddable":true,"href":"https:\/\/www.europesays.com\/se\/wp-json\/wp\/v2\/tags?post=127474"}],"curies":[{"name":"wp","href":"https:\/\/api.w.org\/{rel}","templated":true}]}}