{"id":127480,"date":"2026-01-06T16:38:15","date_gmt":"2026-01-06T16:38:15","guid":{"rendered":"https:\/\/www.europesays.com\/se\/127480\/"},"modified":"2026-01-06T16:38:15","modified_gmt":"2026-01-06T16:38:15","slug":"x-men-ar-tillbaka-i-ny-trailer-till-avengers-doomsday","status":"publish","type":"post","link":"https:\/\/www.europesays.com\/se\/127480\/","title":{"rendered":"X-Men \u00e4r tillbaka i ny trailer till &#8221;Avengers: Doomsday&#8221;"},"content":{"rendered":"<p>Efter att de f\u00f6rst haft premi\u00e4r p\u00e5 biografer, f\u00f6re \u201dAvatar: Fire and Ash\u201d, har Marvel i stilla takt sl\u00e4ppt teaser-trailers f\u00f6r decembers stora superhj\u00e4lteskr\u00f6na \u201dAvengers: Doomsday\u201d.<\/p>\n<p>Och h\u00e4r \u00e4r nummer tre!<\/p>\n<p>Den \u00e4r lika stillsam och tillbaka h\u00e5llen som de b\u00e5da tidigare, med fokus p\u00e5 Steve Rogers och Thor Odinson, men den h\u00e4r k\u00e4nns (\u00e5tminstone f\u00f6r mig) lite mer sp\u00e4nnande.<\/p>\n<p>F\u00f6rutom Charles Xavier, f\u00e5r vi se tv\u00e5 karakt\u00e4rer g\u00f6ra sin debut i MCU. Debut h\u00e4r, men gamla i x-spelet. Ett v\u00e4ldigt k\u00e4rt \u00e5terseende.<\/p>\n<p>\u201dKolla in den senaste trailern till \u201dAvengers: Doomsday\u201d har premi\u00e4r den 18 december, och du kan kolla in den senaste trailern h\u00e4r:<\/p>\n<p><img loading=\"lazy\" decoding=\"async\" alt=\"YouTube video\" width=\"480\" height=\"360\" data-pin-nopin=\"true\" nopin=\"nopin\" class=\"perfmatters-lazy\" src=\"https:\/\/www.europesays.com\/se\/wp-content\/uploads\/2026\/01\/1767717495_727_hqdefault.jpg\"\/><\/p>\n<p>L\u00e4s ocks\u00e5: <a href=\"https:\/\/www.moviezine.se\/nyheter\/mcu-favoriten-ar-tillbaka-se-forsta-teaser-trailern-till-avengers-doomsday\" title=\"MCU-favoriten \u00e4r tillbaka! Se f\u00f6rsta teaser-trailern till \u201dAvengers: Doomsday\u201d\" class=\"underline-custom !font-montserrat !font-bold !underline-offset-4 !decoration-4 !decoration-moviezine-green !text-md\" rel=\"nofollow noopener\" target=\"_blank\">MCU-favoriten \u00e4r tillbaka! Se f\u00f6rsta teaser-trailern till \u201dAvengers: Doomsday\u201d<\/a><\/p>\n<p>L\u00e4s ocks\u00e5: <a href=\"https:\/\/www.moviezine.se\/nyheter\/thor-ar-tillbaka-se-nya-trailern-tillavengers-doomsday\" title=\"Thor \u00e4r tillbaka! Se nya trailern till \u201dAvengers: Doomsday\u201d\" class=\"underline-custom !font-montserrat !font-bold !underline-offset-4 !decoration-4 !decoration-moviezine-green !text-md\" rel=\"nofollow noopener\" target=\"_blank\">Thor \u00e4r tillbaka! Se nya trailern till \u201dAvengers: Doomsday\u201d<\/a><\/p>\n<p>L\u00e4s ocks\u00e5: <a href=\"https:\/\/www.moviezine.se\/nyheter\/trailer-marvels-nasta-serie-ar-bara-nagra-veckor-bort-mot-wonder-man\" title=\"Trailer: Marvels n\u00e4sta serie \u00e4r bara n\u00e5gra veckor bort \u2013 med en Guldbagge-vinnare i rollistan!\" class=\"underline-custom !font-montserrat !font-bold !underline-offset-4 !decoration-4 !decoration-moviezine-green !text-md\" rel=\"nofollow noopener\" target=\"_blank\">Trailer: Marvels n\u00e4sta serie \u00e4r bara n\u00e5gra veckor bort \u2013 med en Guldbagge-vinnare i rollistan!<\/a><\/p>\n","protected":false},"excerpt":{"rendered":"Efter att de f\u00f6rst haft premi\u00e4r p\u00e5 biografer, f\u00f6re \u201dAvatar: Fire and Ash\u201d, har Marvel i stilla takt&hellip;\n","protected":false},"author":2,"featured_media":127481,"comment_status":"","ping_status":"","sticky":false,"template":"","format":"standard","meta":{"footnotes":""},"categories":[67],"tags":[104,2390,34,31,33,32,30,2044,105],"class_list":{"0":"post-127480","1":"post","2":"type-post","3":"status-publish","4":"format-standard","5":"has-post-thumbnail","7":"category-underhallning","8":"tag-entertainment","9":"tag-marvel","10":"tag-se","11":"tag-svenska","12":"tag-sverige","13":"tag-sweden","14":"tag-swedish","15":"tag-trailer","16":"tag-underhallning"},"share_on_mastodon":{"url":"https:\/\/pubeurope.com\/@se\/115849140827592688","error":""},"_links":{"self":[{"href":"https:\/\/www.europesays.com\/se\/wp-json\/wp\/v2\/posts\/127480","targetHints":{"allow":["GET"]}}],"collection":[{"href":"https:\/\/www.europesays.com\/se\/wp-json\/wp\/v2\/posts"}],"about":[{"href":"https:\/\/www.europesays.com\/se\/wp-json\/wp\/v2\/types\/post"}],"author":[{"embeddable":true,"href":"https:\/\/www.europesays.com\/se\/wp-json\/wp\/v2\/users\/2"}],"replies":[{"embeddable":true,"href":"https:\/\/www.europesays.com\/se\/wp-json\/wp\/v2\/comments?post=127480"}],"version-history":[{"count":0,"href":"https:\/\/www.europesays.com\/se\/wp-json\/wp\/v2\/posts\/127480\/revisions"}],"wp:featuredmedia":[{"embeddable":true,"href":"https:\/\/www.europesays.com\/se\/wp-json\/wp\/v2\/media\/127481"}],"wp:attachment":[{"href":"https:\/\/www.europesays.com\/se\/wp-json\/wp\/v2\/media?parent=127480"}],"wp:term":[{"taxonomy":"category","embeddable":true,"href":"https:\/\/www.europesays.com\/se\/wp-json\/wp\/v2\/categories?post=127480"},{"taxonomy":"post_tag","embeddable":true,"href":"https:\/\/www.europesays.com\/se\/wp-json\/wp\/v2\/tags?post=127480"}],"curies":[{"name":"wp","href":"https:\/\/api.w.org\/{rel}","templated":true}]}}