{"id":127519,"date":"2026-01-06T17:21:23","date_gmt":"2026-01-06T17:21:23","guid":{"rendered":"https:\/\/www.europesays.com\/se\/127519\/"},"modified":"2026-01-06T17:21:23","modified_gmt":"2026-01-06T17:21:23","slug":"kallor-liga-kan-ha-kommit-over-en-dryg-miljard","status":"publish","type":"post","link":"https:\/\/www.europesays.com\/se\/127519\/","title":{"rendered":"K\u00e4llor: Liga kan ha kommit \u00f6ver en dryg miljard"},"content":{"rendered":"<p>F\u00f6r\u00f6varna bakom st\u00f6ten tyska Gelsenkirchen kan ha kommit \u00f6ver mycket mer pengar \u00e4n tidigare rapporterat, enligt bland annat tidningen <a id=\"AF0XBCXJvLbMZBBQ\" href=\"https:\/\/www.bild.de\/regional\/nordrhein-westfalen\/nach-sparkassen-coup-in-gelsenkirchen-polizei-hat-erste-heisse-spur-zu-den-panzerknackern-695acb4203ede171bcf661e4#fromWall\" rel=\"nofollow noopener\" target=\"_blank\">Bild<\/a> och nyhetsbyr\u00e5n DPA.<\/p>\n<p>Inledningsvis uppskattade banken att det stulna beloppet var runt 30 miljoner euro och polisens officiella uppskattning har legat p\u00e5 n\u00e4rmare 50 miljoner. Men nu kommer allts\u00e5 uppgifter om att det kan handla om \u00f6ver 100 miljoner euro, vilket motsvarar \u00f6ver en miljard svenska kronor.<\/p>\n<p>Vissa av bankens kunder har uppgett att de hade \u00f6ver 500\u00a0000 euro i sina bankfack, vilket enligt Bild har lett till att polisen har b\u00f6rjat unders\u00f6ka var de pengarna i s\u00e5 fall ska ha kommit ifr\u00e5n.<\/p>\n<p>Kuppen, d\u00e4r \u00f6ver 3\u00a0000 bankfack plundrades, intr\u00e4ffade i Gelsenkirchen i Ruhromr\u00e5det, n\u00e5gra mil fr\u00e5n D\u00fcsseldorf. Brottet uppt\u00e4cktes av en slump den 29 december.<\/p>\n","protected":false},"excerpt":{"rendered":"F\u00f6r\u00f6varna bakom st\u00f6ten tyska Gelsenkirchen kan ha kommit \u00f6ver mycket mer pengar \u00e4n tidigare rapporterat, enligt bland annat&hellip;\n","protected":false},"author":2,"featured_media":127520,"comment_status":"","ping_status":"","sticky":false,"template":"","format":"standard","meta":{"footnotes":""},"categories":[14],"tags":[22,23,26,27,17,21,24,25,28,29,15,16,18,34,31,33,32,30,19,20,51,52,53,54],"class_list":{"0":"post-127519","1":"post","2":"type-post","3":"status-publish","4":"format-standard","5":"has-post-thumbnail","7":"category-varlden","8":"tag-breaking-news","9":"tag-breakingnews","10":"tag-featured-news","11":"tag-featurednews","12":"tag-headlines","13":"tag-huvudnyheter","14":"tag-latest-news","15":"tag-latestnews","16":"tag-main-news","17":"tag-mainnews","18":"tag-news","19":"tag-nyheter","20":"tag-rubriker","21":"tag-se","22":"tag-svenska","23":"tag-sverige","24":"tag-sweden","25":"tag-swedish","26":"tag-top-stories","27":"tag-topstories","28":"tag-varlden","29":"tag-world","30":"tag-world-news","31":"tag-worldnews"},"share_on_mastodon":{"url":"https:\/\/pubeurope.com\/@se\/115849309880145661","error":""},"_links":{"self":[{"href":"https:\/\/www.europesays.com\/se\/wp-json\/wp\/v2\/posts\/127519","targetHints":{"allow":["GET"]}}],"collection":[{"href":"https:\/\/www.europesays.com\/se\/wp-json\/wp\/v2\/posts"}],"about":[{"href":"https:\/\/www.europesays.com\/se\/wp-json\/wp\/v2\/types\/post"}],"author":[{"embeddable":true,"href":"https:\/\/www.europesays.com\/se\/wp-json\/wp\/v2\/users\/2"}],"replies":[{"embeddable":true,"href":"https:\/\/www.europesays.com\/se\/wp-json\/wp\/v2\/comments?post=127519"}],"version-history":[{"count":0,"href":"https:\/\/www.europesays.com\/se\/wp-json\/wp\/v2\/posts\/127519\/revisions"}],"wp:featuredmedia":[{"embeddable":true,"href":"https:\/\/www.europesays.com\/se\/wp-json\/wp\/v2\/media\/127520"}],"wp:attachment":[{"href":"https:\/\/www.europesays.com\/se\/wp-json\/wp\/v2\/media?parent=127519"}],"wp:term":[{"taxonomy":"category","embeddable":true,"href":"https:\/\/www.europesays.com\/se\/wp-json\/wp\/v2\/categories?post=127519"},{"taxonomy":"post_tag","embeddable":true,"href":"https:\/\/www.europesays.com\/se\/wp-json\/wp\/v2\/tags?post=127519"}],"curies":[{"name":"wp","href":"https:\/\/api.w.org\/{rel}","templated":true}]}}