{"id":127521,"date":"2026-01-06T17:23:30","date_gmt":"2026-01-06T17:23:30","guid":{"rendered":"https:\/\/www.europesays.com\/se\/127521\/"},"modified":"2026-01-06T17:23:30","modified_gmt":"2026-01-06T17:23:30","slug":"behovsstyrt-oppethallande-av-trygghetspunkterna-i-ljusne-och-stratjara-fran-och-med-onsdag-7-januari-soderhamns-kommun","status":"publish","type":"post","link":"https:\/\/www.europesays.com\/se\/127521\/","title":{"rendered":"Behovsstyrt \u00f6ppeth\u00e5llande av trygghetspunkterna i Ljusne och Str\u00e5tj\u00e4ra fr\u00e5n och med onsdag 7 januari &#8211; S\u00f6derhamns kommun"},"content":{"rendered":"<ol>\n<li><a href=\"https:\/\/news.google.com\/rss\/articles\/CBMigwJBVV95cUxObTJjcUpTbGxyVzQzY1hoeEdET1NITTJNX01ZSzF5dmt5T1Y4R25PYnlLaERkRzNrVkVrdi1RcVpPU21VS0x4R0s5Y291QmNPNWF3OGdHTXlQX3lHWklyZjNNLVVKWU4xamtpTXBoQ3JVcmhEWFdaenJ2UlB5ZlJlRDNWNHQ3SWFPV1ZpQS1jeGRyQzBVY21oQzNXUzI5bG9vdWhfWUNzWUJwTHVnZXNJN1MxdVYwcEplQ3NSZlhRY0RpWHlDbDFYMnlSY2h3YkZTeGJYOF8wdVE3UHBsc3dJS3VzV2RGSFlSejd3elFVTk9jSi02MmhzVGZnY0QzR00yYjFr?oc=5\" target=\"_blank\" rel=\"nofollow noopener\">Behovsstyrt \u00f6ppeth\u00e5llande av trygghetspunkterna i Ljusne och Str\u00e5tj\u00e4ra fr\u00e5n och med onsdag 7 januari<\/a>&nbsp;&nbsp;S\u00f6derhamns kommun<\/li>\n<li><a href=\"https:\/\/news.google.com\/rss\/articles\/CBMiiAFBVV95cUxQTDI4c09SOVhmaEI3bkZfcVZxcDRDYjJDaEQ2a1A0eXpuYlRIRjg5QU5sTFRidlEwcHV3aVM1dUR4Wl9YTk5JUkdEeURQMDlFYWpTeFpNZ2tQanZUT29uWE5zdFl5R3BOaWYwV3JPOVI5NWR3cWNsSWFIT092WkhWTWZ4Qm9IYVpG?oc=5\" target=\"_blank\" rel=\"nofollow noopener\">Sandvikens kommun har fortsatt stabsl\u00e4ge<\/a>&nbsp;&nbsp;Arbetarbladet<\/li>\n<li><a href=\"https:\/\/news.google.com\/rss\/articles\/CBMitgFBVV95cUxONEFCVE9CWXo4dEk1SDRzRmFZNGgyNmJxWGV1LWdHRzRfTFJoZWxQVlJJYmUtUzIzQncyWmM0X2JCcVFJWkdwaW5YMWlGSDdPNi1Fblc1Z3RyOEFVTm1hS0Z3Szl2YzJlU2RRRzRJSHpsc1RaRmE0OS11VjAxQVplbmp4ZXExSGdvZ1RjZWI3a1QyN3FPUm5UMVVySUxuUkxodkhGT3ZpZDFmZTlZWlY5dDlpLTJaQQ?oc=5\" target=\"_blank\" rel=\"nofollow noopener\">Trygghetspunkter \u00f6ppnas i Mo och Str\u00e5tj\u00e4ra<\/a>&nbsp;&nbsp;S\u00f6derhamns kommun<\/li>\n<li><a href=\"https:\/\/news.google.com\/rss\/articles\/CBMixwFBVV95cUxQTktVaVA0Q294RmxsbUNxdFIxWVlPOGtHai1PLW4tT090LVFkYm1xdGZ1NUFxRVp6WVVUTTJlRDI5UmlSOWxpMUJmZzBVMUxZTHhJbkgta1NOdHJkWGZuNTk0OC1xc2g1NHFfOFNQUGZ1NzJPU2k5NzU4TGMyMldtUFZJeWZtQ2FCaEFGT25IN2hndG00eVB1QTY1X1B4UU5GY3ltY1FYSDRkY3BVU3NIREVDZVJCams2dk1IRjV2WHBkRmcyTVpN?oc=5\" target=\"_blank\" rel=\"nofollow noopener\">Trygghetspunkt i Tr\u00f6n\u00f6 fortsatt \u00f6ppen under ny\u00e5rshelgen<\/a>&nbsp;&nbsp;S\u00f6derhamns kommun<\/li>\n<li><a href=\"https:\/\/news.google.com\/rss\/articles\/CBMivAFBVV95cUxOYThjMDNTVENBNXJlQlQydWloVGlDOEFtbTJfNVFtZldLR3Ftb0R0V1FDbDZHMms5bF90LTJheWVmQ2Q2UkkySG1SN1pfcllWOVowbmZNdEYxNG1wb0lWY09STWdHUWllRWsxdlFFNlAxeUVWM0dub25BRnlHdzA3UEJtM3lBVDhXVzZuSkhkZTVkVGlSUVd2b3VJSC00VW1vZkNvby1iekl2TlJvU1ROeGtjOXNEaVlQc2ExSQ?oc=5\" target=\"_blank\" rel=\"nofollow noopener\">Trygghetspunkter \u00f6ppnas i Ljusne och Holmsveden<\/a>&nbsp;&nbsp;S\u00f6derhamns kommun<\/li>\n<\/ol>\n","protected":false},"excerpt":{"rendered":"Behovsstyrt \u00f6ppeth\u00e5llande av trygghetspunkterna i Ljusne och Str\u00e5tj\u00e4ra fr\u00e5n och med onsdag 7 januari&nbsp;&nbsp;S\u00f6derhamns kommun Sandvikens kommun har&hellip;\n","protected":false},"author":2,"featured_media":126638,"comment_status":"","ping_status":"","sticky":false,"template":"","format":"standard","meta":{"footnotes":""},"categories":[5],"tags":[22,23,26,27,17,21,24,25,28,29,15,16,18,34,31,33,32,30,19,20],"class_list":{"0":"post-127521","1":"post","2":"type-post","3":"status-publish","4":"format-standard","5":"has-post-thumbnail","7":"category-rubriker","8":"tag-breaking-news","9":"tag-breakingnews","10":"tag-featured-news","11":"tag-featurednews","12":"tag-headlines","13":"tag-huvudnyheter","14":"tag-latest-news","15":"tag-latestnews","16":"tag-main-news","17":"tag-mainnews","18":"tag-news","19":"tag-nyheter","20":"tag-rubriker","21":"tag-se","22":"tag-svenska","23":"tag-sverige","24":"tag-sweden","25":"tag-swedish","26":"tag-top-stories","27":"tag-topstories"},"share_on_mastodon":{"url":"https:\/\/pubeurope.com\/@se\/115849317747485061","error":""},"_links":{"self":[{"href":"https:\/\/www.europesays.com\/se\/wp-json\/wp\/v2\/posts\/127521","targetHints":{"allow":["GET"]}}],"collection":[{"href":"https:\/\/www.europesays.com\/se\/wp-json\/wp\/v2\/posts"}],"about":[{"href":"https:\/\/www.europesays.com\/se\/wp-json\/wp\/v2\/types\/post"}],"author":[{"embeddable":true,"href":"https:\/\/www.europesays.com\/se\/wp-json\/wp\/v2\/users\/2"}],"replies":[{"embeddable":true,"href":"https:\/\/www.europesays.com\/se\/wp-json\/wp\/v2\/comments?post=127521"}],"version-history":[{"count":0,"href":"https:\/\/www.europesays.com\/se\/wp-json\/wp\/v2\/posts\/127521\/revisions"}],"wp:featuredmedia":[{"embeddable":true,"href":"https:\/\/www.europesays.com\/se\/wp-json\/wp\/v2\/media\/126638"}],"wp:attachment":[{"href":"https:\/\/www.europesays.com\/se\/wp-json\/wp\/v2\/media?parent=127521"}],"wp:term":[{"taxonomy":"category","embeddable":true,"href":"https:\/\/www.europesays.com\/se\/wp-json\/wp\/v2\/categories?post=127521"},{"taxonomy":"post_tag","embeddable":true,"href":"https:\/\/www.europesays.com\/se\/wp-json\/wp\/v2\/tags?post=127521"}],"curies":[{"name":"wp","href":"https:\/\/api.w.org\/{rel}","templated":true}]}}