{"id":127528,"date":"2026-01-06T17:29:24","date_gmt":"2026-01-06T17:29:24","guid":{"rendered":"https:\/\/www.europesays.com\/se\/127528\/"},"modified":"2026-01-06T17:29:24","modified_gmt":"2026-01-06T17:29:24","slug":"ovantade-maduro-effekten-sokningar-pa-nike-mjukis","status":"publish","type":"post","link":"https:\/\/www.europesays.com\/se\/127528\/","title":{"rendered":"Ov\u00e4ntade Maduro-effekten: S\u00f6kningar p\u00e5 Nike-mjukis"},"content":{"rendered":"<p>Bilden p\u00e5 en tillf\u00e5ngatagen Nicol\u00e1s Maduro har f\u00e5tt internet att reagera. Trumps publicering visade Venezuelas president if\u00f6rd \u00f6gonbindel, h\u00f6rselk\u00e5por, och ett mjukisset fr\u00e5n Nike. Sedan dess har s\u00f6kningarna efter den amerikanska kl\u00e4dj\u00e4ttens huvtr\u00f6ja med tillh\u00f6rande mjukisbyxor skjutit i h\u00f6jden p\u00e5 Google, rapporterar The Telegraph. <\/p>\n<p>Tidningen skriver att Maduro \u00e4ven vid officiella framtr\u00e4danden ofta har en mer ledig kl\u00e4dsel \u00e4n andra ledare. <\/p>\n<p>Enligt spanska Marca har outfiten s\u00e5lt slut p\u00e5 sina h\u00e5ll, men det \u00e4r oklart om det \u00e4r en f\u00f6ljd av bilden.<\/p>\n<p>Omni \u00e4r politiskt obundna och oberoende. Vi str\u00e4var efter att ge fler perspektiv p\u00e5 nyheterna. Har du fr\u00e5gor eller synpunkter kring v\u00e5r rapportering? <a href=\"https:\/\/omni.se\/ovantade-maduro-effekten-sokningar-pa-nike-mjukis\/a\/mailto:redaktion@omni.se\" class=\"ArticleActions_contactLink__W2F1M\" rel=\"nofollow noopener\" target=\"_blank\">Kontakta redaktionen<\/a><\/p>\n","protected":false},"excerpt":{"rendered":"Bilden p\u00e5 en tillf\u00e5ngatagen Nicol\u00e1s Maduro har f\u00e5tt internet att reagera. Trumps publicering visade Venezuelas president if\u00f6rd \u00f6gonbindel,&hellip;\n","protected":false},"author":2,"featured_media":127529,"comment_status":"","ping_status":"","sticky":false,"template":"","format":"standard","meta":{"footnotes":""},"categories":[14],"tags":[22,23,26,27,17,21,24,25,708,28,29,15,2546,11128,16,18,34,31,33,32,30,19,20,13061,51,2545,52,53,54],"class_list":{"0":"post-127528","1":"post","2":"type-post","3":"status-publish","4":"format-standard","5":"has-post-thumbnail","7":"category-varlden","8":"tag-breaking-news","9":"tag-breakingnews","10":"tag-featured-news","11":"tag-featurednews","12":"tag-headlines","13":"tag-huvudnyheter","14":"tag-latest-news","15":"tag-latestnews","16":"tag-latinamerika","17":"tag-main-news","18":"tag-mainnews","19":"tag-news","20":"tag-nicolas-maduro","21":"tag-nike","22":"tag-nyheter","23":"tag-rubriker","24":"tag-se","25":"tag-svenska","26":"tag-sverige","27":"tag-sweden","28":"tag-swedish","29":"tag-top-stories","30":"tag-topstories","31":"tag-usa-vs-venezuela","32":"tag-varlden","33":"tag-venezuela","34":"tag-world","35":"tag-world-news","36":"tag-worldnews"},"share_on_mastodon":{"url":"https:\/\/pubeurope.com\/@se\/115849341381772904","error":""},"_links":{"self":[{"href":"https:\/\/www.europesays.com\/se\/wp-json\/wp\/v2\/posts\/127528","targetHints":{"allow":["GET"]}}],"collection":[{"href":"https:\/\/www.europesays.com\/se\/wp-json\/wp\/v2\/posts"}],"about":[{"href":"https:\/\/www.europesays.com\/se\/wp-json\/wp\/v2\/types\/post"}],"author":[{"embeddable":true,"href":"https:\/\/www.europesays.com\/se\/wp-json\/wp\/v2\/users\/2"}],"replies":[{"embeddable":true,"href":"https:\/\/www.europesays.com\/se\/wp-json\/wp\/v2\/comments?post=127528"}],"version-history":[{"count":0,"href":"https:\/\/www.europesays.com\/se\/wp-json\/wp\/v2\/posts\/127528\/revisions"}],"wp:featuredmedia":[{"embeddable":true,"href":"https:\/\/www.europesays.com\/se\/wp-json\/wp\/v2\/media\/127529"}],"wp:attachment":[{"href":"https:\/\/www.europesays.com\/se\/wp-json\/wp\/v2\/media?parent=127528"}],"wp:term":[{"taxonomy":"category","embeddable":true,"href":"https:\/\/www.europesays.com\/se\/wp-json\/wp\/v2\/categories?post=127528"},{"taxonomy":"post_tag","embeddable":true,"href":"https:\/\/www.europesays.com\/se\/wp-json\/wp\/v2\/tags?post=127528"}],"curies":[{"name":"wp","href":"https:\/\/api.w.org\/{rel}","templated":true}]}}