{"id":127535,"date":"2026-01-06T17:42:07","date_gmt":"2026-01-06T17:42:07","guid":{"rendered":"https:\/\/www.europesays.com\/se\/127535\/"},"modified":"2026-01-06T17:42:07","modified_gmt":"2026-01-06T17:42:07","slug":"det-ar-okej-att-sorja","status":"publish","type":"post","link":"https:\/\/www.europesays.com\/se\/127535\/","title":{"rendered":"Det \u00e4r okej att s\u00f6rja"},"content":{"rendered":"<p>Publicerad 6 jan 2026 kl 18.26<\/p>\n<p>\u201dDet \u00e4r okej att s\u00f6rja. Sorg h\u00f6r inte bara till d\u00f6den, utan till f\u00f6r\u00e4ndring.\u201d<\/p>\n<p>S\u00e5 skriver Bruce Willis fru i ett k\u00e4nslosamt, \u00f6ppet brev om livet efter makens demensdiagnos.<\/p>\n<p>Senaste klippen fr\u00e5n Expressen inom n\u00f6je.<img   alt=\"\"\/><\/p>\n<p>Emma och Bruce Willis 2013, innan Bruce blev sjuk.<\/p>\n<p>Foto: DVS \/ STELLA PICTURES IPHOTOLIVE.COM<\/p>\n<p>\u00d6ppna bild i helsk\u00e4rm<img loading=\"lazy\"   alt=\"\"\/><\/p>\n<p>Bruce Willis i november 2025.<\/p>\n<p>Foto: SPOT \/ BACKGRID US \/ TT<\/p>\n<p>\u00d6ppna bild i helsk\u00e4rm<\/p>\n<p>Hollywoodstj\u00e4rnan <a href=\"https:\/\/www.expressen.se\/tagg\/person\/bruce-willis\/\" class=\"\" rel=\"nofollow noopener\" target=\"_blank\">Bruce Willis<\/a>, 70 \u2013 med storfilmer som \u201dDie hard\u201d, \u201dPulp fiction\u201d och \u201dSj\u00e4tte sinnet\u201d under b\u00e4ltet \u2013 ber\u00e4ttade 2022 att han drabbats av afasi och frontallobsdemens.<\/p>\n<p>Detta efter att kolleger i filmbranschen i n\u00e5gra \u00e5r oroat sig \u00f6ver att Willis gl\u00f6mt repliker och annat under filminspelningar.<\/p>\n<p>Sjukdomen har nu blivit s\u00e5 pass allvarlig att Bruce Willis l\u00e4mnat filmkarri\u00e4ren bakom sig. Hans fru Emma Willis tvingades i h\u00f6stas <a href=\"https:\/\/www.expressen.se\/noje\/barnens-sorg-efter-bruce-willis-flytt\/\" rel=\"nofollow noopener\" target=\"_blank\">flytta Bruce till ett specialanpassat hem<\/a> \u2013 familjens hus m\u00f6tte inte l\u00e4ngre stj\u00e4rnans behov.<\/p>\n<p>Nu skriver Emma Willis ett \u00f6ppet brev om k\u00e4nslorna efter diagnosen och allt som sedan dess f\u00f6r\u00e4ndrats. Brevet skrevs inf\u00f6r julfirandet och publicerades p\u00e5 hennes <a href=\"https:\/\/emmahemingwillis.com\/the-holidays-look-different-now\/\" rel=\"nofollow noopener\" target=\"_blank\">hemsida<\/a>.<\/p>\n<p>\u201dH\u00f6gtiderna har en m\u00e4rklig f\u00f6rm\u00e5ga att fungera som en spegel \u2013 de speglar vilka vi har varit, vilka vi \u00e4r och vad vi en g\u00e5ng trodde att de skulle bli. N\u00e4r du tar hand om n\u00e5gon med demens kan den spegelbilden k\u00e4nnas extra sm\u00e4rtsam\u201d, skriver hon.<\/p>\n<p>\u201dDet \u00e4r okej att s\u00f6rja\u201d<\/p>\n<p>\u201dInnan n\u00e5got annat vill jag s\u00e4ga detta: Det \u00e4r okej att s\u00f6rja. Sorg h\u00f6r inte bara till d\u00f6den, utan till f\u00f6r\u00e4ndring (&#8230;). Den h\u00f6r hemma i insikten att saker inte l\u00e4ngre kommer att vara som de en g\u00e5ng var.\u201d<\/p>\n<p>Bruce Willis var en riktig jul\u00e4lskare som brukade styra upp det mesta kring h\u00f6gtiderna: Han stekte pannkakor, lekte med barnen i sn\u00f6n, var \u201dnavet i allt\u201d.<\/p>\n<p>\u201dJag kommer p\u00e5 mig sj\u00e4lv med att sv\u00e4ra \u00e5t Bruce namn medan jag trasslar med ljusslingor eller andra uppgifter som brukade vara hans. Inte f\u00f6r att jag \u00e4r arg p\u00e5 honom, aldrig, utan f\u00f6r att jag saknar hur han brukade ta kommando \u00f6ver julen.\u201d<\/p>\n","protected":false},"excerpt":{"rendered":"Publicerad 6 jan 2026 kl 18.26 \u201dDet \u00e4r okej att s\u00f6rja. Sorg h\u00f6r inte bara till d\u00f6den, utan&hellip;\n","protected":false},"author":2,"featured_media":127536,"comment_status":"","ping_status":"","sticky":false,"template":"","format":"standard","meta":{"footnotes":""},"categories":[67],"tags":[104,1898,34,31,33,32,30,5969,109,105],"class_list":{"0":"post-127535","1":"post","2":"type-post","3":"status-publish","4":"format-standard","5":"has-post-thumbnail","7":"category-underhallning","8":"tag-entertainment","9":"tag-person-bruce-willis","10":"tag-se","11":"tag-svenska","12":"tag-sverige","13":"tag-sweden","14":"tag-swedish","15":"tag-topic-hogtider","16":"tag-topic-skadespelare","17":"tag-underhallning"},"share_on_mastodon":{"url":"https:\/\/pubeurope.com\/@se\/115849392528854955","error":""},"_links":{"self":[{"href":"https:\/\/www.europesays.com\/se\/wp-json\/wp\/v2\/posts\/127535","targetHints":{"allow":["GET"]}}],"collection":[{"href":"https:\/\/www.europesays.com\/se\/wp-json\/wp\/v2\/posts"}],"about":[{"href":"https:\/\/www.europesays.com\/se\/wp-json\/wp\/v2\/types\/post"}],"author":[{"embeddable":true,"href":"https:\/\/www.europesays.com\/se\/wp-json\/wp\/v2\/users\/2"}],"replies":[{"embeddable":true,"href":"https:\/\/www.europesays.com\/se\/wp-json\/wp\/v2\/comments?post=127535"}],"version-history":[{"count":0,"href":"https:\/\/www.europesays.com\/se\/wp-json\/wp\/v2\/posts\/127535\/revisions"}],"wp:featuredmedia":[{"embeddable":true,"href":"https:\/\/www.europesays.com\/se\/wp-json\/wp\/v2\/media\/127536"}],"wp:attachment":[{"href":"https:\/\/www.europesays.com\/se\/wp-json\/wp\/v2\/media?parent=127535"}],"wp:term":[{"taxonomy":"category","embeddable":true,"href":"https:\/\/www.europesays.com\/se\/wp-json\/wp\/v2\/categories?post=127535"},{"taxonomy":"post_tag","embeddable":true,"href":"https:\/\/www.europesays.com\/se\/wp-json\/wp\/v2\/tags?post=127535"}],"curies":[{"name":"wp","href":"https:\/\/api.w.org\/{rel}","templated":true}]}}