{"id":127539,"date":"2026-01-06T17:50:07","date_gmt":"2026-01-06T17:50:07","guid":{"rendered":"https:\/\/www.europesays.com\/se\/127539\/"},"modified":"2026-01-06T17:50:07","modified_gmt":"2026-01-06T17:50:07","slug":"blender-drog-storpublik-till-traditionella-danskvallen-hudiksvalls-tidning","status":"publish","type":"post","link":"https:\/\/www.europesays.com\/se\/127539\/","title":{"rendered":"Blender drog storpublik till traditionella danskv\u00e4llen \u2013 Hudiksvalls Tidning"},"content":{"rendered":"<p>Portarna \u00f6ppnar 19.30 och det dr\u00f6jer inte l\u00e4nge f\u00f6rr\u00e4n det \u00e4r full huggning i foaj\u00e9n p\u00e5 Kulturhuset Glada Hudik. Publiken, som kommer in fr\u00e5n minus 15 graders kyla, \u00e4r snabba med att h\u00e4nga in sina tjocka vinterjackor i garderoben. K\u00e4ngor byts till l\u00e4ttare och mer dansv\u00e4nliga skodon och vattenflaskor fylls p\u00e5. Man h\u00f6r m\u00e5nga glada hej-rop och en hel del kramar delas ut bland folk som inte har setts p\u00e5 ett tag. <\/p>\n","protected":false},"excerpt":{"rendered":"Portarna \u00f6ppnar 19.30 och det dr\u00f6jer inte l\u00e4nge f\u00f6rr\u00e4n det \u00e4r full huggning i foaj\u00e9n p\u00e5 Kulturhuset Glada&hellip;\n","protected":false},"author":2,"featured_media":127540,"comment_status":"","ping_status":"","sticky":false,"template":"","format":"standard","meta":{"footnotes":""},"categories":[67],"tags":[104,34,31,33,32,30,105],"class_list":{"0":"post-127539","1":"post","2":"type-post","3":"status-publish","4":"format-standard","5":"has-post-thumbnail","7":"category-underhallning","8":"tag-entertainment","9":"tag-se","10":"tag-svenska","11":"tag-sverige","12":"tag-sweden","13":"tag-swedish","14":"tag-underhallning"},"share_on_mastodon":{"url":"https:\/\/pubeurope.com\/@se\/115849423889457912","error":""},"_links":{"self":[{"href":"https:\/\/www.europesays.com\/se\/wp-json\/wp\/v2\/posts\/127539","targetHints":{"allow":["GET"]}}],"collection":[{"href":"https:\/\/www.europesays.com\/se\/wp-json\/wp\/v2\/posts"}],"about":[{"href":"https:\/\/www.europesays.com\/se\/wp-json\/wp\/v2\/types\/post"}],"author":[{"embeddable":true,"href":"https:\/\/www.europesays.com\/se\/wp-json\/wp\/v2\/users\/2"}],"replies":[{"embeddable":true,"href":"https:\/\/www.europesays.com\/se\/wp-json\/wp\/v2\/comments?post=127539"}],"version-history":[{"count":0,"href":"https:\/\/www.europesays.com\/se\/wp-json\/wp\/v2\/posts\/127539\/revisions"}],"wp:featuredmedia":[{"embeddable":true,"href":"https:\/\/www.europesays.com\/se\/wp-json\/wp\/v2\/media\/127540"}],"wp:attachment":[{"href":"https:\/\/www.europesays.com\/se\/wp-json\/wp\/v2\/media?parent=127539"}],"wp:term":[{"taxonomy":"category","embeddable":true,"href":"https:\/\/www.europesays.com\/se\/wp-json\/wp\/v2\/categories?post=127539"},{"taxonomy":"post_tag","embeddable":true,"href":"https:\/\/www.europesays.com\/se\/wp-json\/wp\/v2\/tags?post=127539"}],"curies":[{"name":"wp","href":"https:\/\/api.w.org\/{rel}","templated":true}]}}