{"id":127541,"date":"2026-01-06T17:55:07","date_gmt":"2026-01-06T17:55:07","guid":{"rendered":"https:\/\/www.europesays.com\/se\/127541\/"},"modified":"2026-01-06T17:55:07","modified_gmt":"2026-01-06T17:55:07","slug":"utan-mellanarsvinst-stalls-jag-infor-riksratt","status":"publish","type":"post","link":"https:\/\/www.europesays.com\/se\/127541\/","title":{"rendered":"Utan mellan\u00e5rsvinst st\u00e4lls jag inf\u00f6r riksr\u00e4tt"},"content":{"rendered":"<p>Om Republikanerna inte vinner mellan\u00e5rsvalet i november kommer Demokraterna att st\u00e4lla Donald Trump inf\u00f6r riksr\u00e4tt. Det s\u00e4ger presidenten enligt Reuters.<\/p>\n<p>\u2013 Vi m\u00e5ste vinna mellan\u00e5rsvalet f\u00f6r om vi inte g\u00f6r det kommer det bli&#8230; jag menar, de kommer hitta ett sk\u00e4l att st\u00e4lla mig inf\u00f6r riksr\u00e4tt, s\u00e4ger i ett tal till republikanska kongressledam\u00f6ter.<\/p>\n<p>Han uttrycker ocks\u00e5 frustration \u00f6ver de sviktande opinionssiffrorna, skriver Bloomberg.<\/p>\n<p>\u2013 Jag \u00f6nskar ni kunde f\u00f6rklara vad i helvete som p\u00e5g\u00e5r i det allm\u00e4nna medvetandet, f\u00f6r vi har r\u00e4tt politik.<\/p>\n<p>Mellan\u00e5rsvalet h\u00e5lls den 3 november. Alla representanthusets 435 platser, och 35 av 100 senatsplatserna, st\u00e5r p\u00e5 spel. <\/p>\n<p>Omni \u00e4r politiskt obundna och oberoende. Vi str\u00e4var efter att ge fler perspektiv p\u00e5 nyheterna. Har du fr\u00e5gor eller synpunkter kring v\u00e5r rapportering? <a href=\"https:\/\/omni.se\/trump-utan-mellanarsvinst-stalls-jag-infor-riksratt\/a\/mailto:redaktion@omni.se\" class=\"ArticleActions_contactLink__W2F1M\" rel=\"nofollow noopener\" target=\"_blank\">Kontakta redaktionen<\/a><\/p>\n","protected":false},"excerpt":{"rendered":"Om Republikanerna inte vinner mellan\u00e5rsvalet i november kommer Demokraterna att st\u00e4lla Donald Trump inf\u00f6r riksr\u00e4tt. Det s\u00e4ger presidenten&hellip;\n","protected":false},"author":2,"featured_media":127542,"comment_status":"","ping_status":"","sticky":false,"template":"","format":"standard","meta":{"footnotes":""},"categories":[5],"tags":[387,22,23,385,26,27,17,21,24,25,28,29,15,268,16,18,34,31,33,32,30,19,20,386,74],"class_list":{"0":"post-127541","1":"post","2":"type-post","3":"status-publish","4":"format-standard","5":"has-post-thumbnail","7":"category-rubriker","8":"tag-amerikansk-politik","9":"tag-breaking-news","10":"tag-breakingnews","11":"tag-donald-trump","12":"tag-featured-news","13":"tag-featurednews","14":"tag-headlines","15":"tag-huvudnyheter","16":"tag-latest-news","17":"tag-latestnews","18":"tag-main-news","19":"tag-mainnews","20":"tag-news","21":"tag-nordamerika","22":"tag-nyheter","23":"tag-rubriker","24":"tag-se","25":"tag-svenska","26":"tag-sverige","27":"tag-sweden","28":"tag-swedish","29":"tag-top-stories","30":"tag-topstories","31":"tag-trumps-usa","32":"tag-usa"},"share_on_mastodon":{"url":"https:\/\/pubeurope.com\/@se\/115849443552011116","error":""},"_links":{"self":[{"href":"https:\/\/www.europesays.com\/se\/wp-json\/wp\/v2\/posts\/127541","targetHints":{"allow":["GET"]}}],"collection":[{"href":"https:\/\/www.europesays.com\/se\/wp-json\/wp\/v2\/posts"}],"about":[{"href":"https:\/\/www.europesays.com\/se\/wp-json\/wp\/v2\/types\/post"}],"author":[{"embeddable":true,"href":"https:\/\/www.europesays.com\/se\/wp-json\/wp\/v2\/users\/2"}],"replies":[{"embeddable":true,"href":"https:\/\/www.europesays.com\/se\/wp-json\/wp\/v2\/comments?post=127541"}],"version-history":[{"count":0,"href":"https:\/\/www.europesays.com\/se\/wp-json\/wp\/v2\/posts\/127541\/revisions"}],"wp:featuredmedia":[{"embeddable":true,"href":"https:\/\/www.europesays.com\/se\/wp-json\/wp\/v2\/media\/127542"}],"wp:attachment":[{"href":"https:\/\/www.europesays.com\/se\/wp-json\/wp\/v2\/media?parent=127541"}],"wp:term":[{"taxonomy":"category","embeddable":true,"href":"https:\/\/www.europesays.com\/se\/wp-json\/wp\/v2\/categories?post=127541"},{"taxonomy":"post_tag","embeddable":true,"href":"https:\/\/www.europesays.com\/se\/wp-json\/wp\/v2\/tags?post=127541"}],"curies":[{"name":"wp","href":"https:\/\/api.w.org\/{rel}","templated":true}]}}