{"id":127545,"date":"2026-01-06T17:58:19","date_gmt":"2026-01-06T17:58:19","guid":{"rendered":"https:\/\/www.europesays.com\/se\/127545\/"},"modified":"2026-01-06T17:58:19","modified_gmt":"2026-01-06T17:58:19","slug":"nya-legobiten-andrar-farg-och-spelar-musik","status":"publish","type":"post","link":"https:\/\/www.europesays.com\/se\/127545\/","title":{"rendered":"Nya legobiten \u00e4ndrar f\u00e4rg och spelar musik"},"content":{"rendered":"<p>Lego har skapat en legobit som kan \u00e4ndra f\u00e4rg och spela ljud via inbyggd teknik. Enligt det danska leksaksbolaget \u00e4r det den st\u00f6rsta utvecklingen p\u00e5 50 \u00e5r f\u00f6r legobitar.<\/p>\n<p>Biten k\u00e4nner av vilka figurer eller smarta sensorer som finns i n\u00e4rheten, skriver Zeit. P\u00e5 teknikm\u00e4ssan CES i Los Angeles kvackade en bit som en anka n\u00e4r den sattes ihop med en Lego-anka.<\/p>\n<p>\u2013 Vi tror verkligen att vi s\u00e4tter en ny standard f\u00f6r interaktiva, fantasifulla upplevelser, s\u00e4ger Legochefen Tom Donaldson i pressmeddelandet.<\/p>\n<p>Bitarna, som \u00e4r lika stora som de vanliga och laddas tr\u00e5dl\u00f6st, kommer i en Star Wars-utg\u00e5va i mars 2026.<\/p>\n<p>Omni \u00e4r politiskt obundna och oberoende. Vi str\u00e4var efter att ge fler perspektiv p\u00e5 nyheterna. Har du fr\u00e5gor eller synpunkter kring v\u00e5r rapportering? <a href=\"https:\/\/omni.se\/nya-legobiten-andrar-farg-och-spelar-musik\/a\/mailto:redaktion@omni.se\" class=\"ArticleActions_contactLink__W2F1M\" rel=\"nofollow noopener\" target=\"_blank\">Kontakta redaktionen<\/a><\/p>\n","protected":false},"excerpt":{"rendered":"Lego har skapat en legobit som kan \u00e4ndra f\u00e4rg och spela ljud via inbyggd teknik. Enligt det danska&hellip;\n","protected":false},"author":2,"featured_media":127546,"comment_status":"","ping_status":"","sticky":false,"template":"","format":"standard","meta":{"footnotes":""},"categories":[67],"tags":[104,951,9672,34,31,33,32,30,105],"class_list":{"0":"post-127545","1":"post","2":"type-post","3":"status-publish","4":"format-standard","5":"has-post-thumbnail","7":"category-underhallning","8":"tag-entertainment","9":"tag-handel-tjanster","10":"tag-lego","11":"tag-se","12":"tag-svenska","13":"tag-sverige","14":"tag-sweden","15":"tag-swedish","16":"tag-underhallning"},"share_on_mastodon":{"url":"https:\/\/pubeurope.com\/@se\/115849455389059092","error":""},"_links":{"self":[{"href":"https:\/\/www.europesays.com\/se\/wp-json\/wp\/v2\/posts\/127545","targetHints":{"allow":["GET"]}}],"collection":[{"href":"https:\/\/www.europesays.com\/se\/wp-json\/wp\/v2\/posts"}],"about":[{"href":"https:\/\/www.europesays.com\/se\/wp-json\/wp\/v2\/types\/post"}],"author":[{"embeddable":true,"href":"https:\/\/www.europesays.com\/se\/wp-json\/wp\/v2\/users\/2"}],"replies":[{"embeddable":true,"href":"https:\/\/www.europesays.com\/se\/wp-json\/wp\/v2\/comments?post=127545"}],"version-history":[{"count":0,"href":"https:\/\/www.europesays.com\/se\/wp-json\/wp\/v2\/posts\/127545\/revisions"}],"wp:featuredmedia":[{"embeddable":true,"href":"https:\/\/www.europesays.com\/se\/wp-json\/wp\/v2\/media\/127546"}],"wp:attachment":[{"href":"https:\/\/www.europesays.com\/se\/wp-json\/wp\/v2\/media?parent=127545"}],"wp:term":[{"taxonomy":"category","embeddable":true,"href":"https:\/\/www.europesays.com\/se\/wp-json\/wp\/v2\/categories?post=127545"},{"taxonomy":"post_tag","embeddable":true,"href":"https:\/\/www.europesays.com\/se\/wp-json\/wp\/v2\/tags?post=127545"}],"curies":[{"name":"wp","href":"https:\/\/api.w.org\/{rel}","templated":true}]}}