{"id":127547,"date":"2026-01-06T18:02:10","date_gmt":"2026-01-06T18:02:10","guid":{"rendered":"https:\/\/www.europesays.com\/se\/127547\/"},"modified":"2026-01-06T18:02:10","modified_gmt":"2026-01-06T18:02:10","slug":"bildspel-en-efterlangtad-premiar-varnamo","status":"publish","type":"post","link":"https:\/\/www.europesays.com\/se\/127547\/","title":{"rendered":"Bildspel: En efterl\u00e4ngtad premi\u00e4r &#8211; V\u00e4rnamo"},"content":{"rendered":"<p><a class=\"rsImg\" data-rsbigimg=\"https:\/\/xn--vrnamo-bua.nu\/wp-content\/uploads\/sites\/2\/2026\/01\/Image_1-1440x1080.jpg\" href=\"https:\/\/xn--vrnamo-bua.nu\/wp-content\/uploads\/sites\/2\/2026\/01\/Image_1-1024x768.jpg\" rel=\"nofollow noopener\" target=\"_blank\"><img decoding=\"async\" class=\"rsTmb\" src=\"https:\/\/www.europesays.com\/se\/wp-content\/uploads\/2026\/01\/Image_1-180x135.jpg\"\/><\/a><\/p>\n<p class=\"small-paragraph\">I dag, p\u00e5 trettondagen, var det premi\u00e4r f\u00f6r skridsko\u00e5kning p\u00e5 multiarenan i K\u00e4rda. Bild: Privat\u00a0\u00a0[1\/14]<\/p>\n<p><a class=\"rsImg\" data-rsbigimg=\"https:\/\/xn--vrnamo-bua.nu\/wp-content\/uploads\/sites\/2\/2026\/01\/Image_3-1440x1080.jpg\" href=\"https:\/\/xn--vrnamo-bua.nu\/wp-content\/uploads\/sites\/2\/2026\/01\/Image_3-1024x768.jpg\" rel=\"nofollow noopener\" target=\"_blank\"><img decoding=\"async\" class=\"rsTmb\" src=\"https:\/\/www.europesays.com\/se\/wp-content\/uploads\/2026\/01\/Image_3-180x135.jpg\"\/><\/a><\/p>\n<p class=\"small-paragraph\">M\u00e5nga ville ut p\u00e5 isen. Bild: Privat\u00a0\u00a0[2\/14]<\/p>\n<p><a class=\"rsImg\" data-rsbigimg=\"https:\/\/xn--vrnamo-bua.nu\/wp-content\/uploads\/sites\/2\/2026\/01\/Image_7-kopiera-1762x1080.jpg\" href=\"https:\/\/xn--vrnamo-bua.nu\/wp-content\/uploads\/sites\/2\/2026\/01\/Image_7-kopiera-1024x628.jpg\" rel=\"nofollow noopener\" target=\"_blank\"><img decoding=\"async\" class=\"rsTmb\" src=\"https:\/\/www.europesays.com\/se\/wp-content\/uploads\/2026\/01\/Image_7-kopiera-220x135.jpg\"\/><\/a><\/p>\n<p class=\"small-paragraph\">Ispremi\u00e4ren lockade m\u00e5nga till multiarenan. Bild: Privat\u00a0\u00a0[6\/14]<\/p>\n<p><a class=\"rsImg\" data-rsbigimg=\"https:\/\/xn--vrnamo-bua.nu\/wp-content\/uploads\/sites\/2\/2026\/01\/Image_7-1440x1080.jpg\" href=\"https:\/\/xn--vrnamo-bua.nu\/wp-content\/uploads\/sites\/2\/2026\/01\/Image_7-1024x768.jpg\" rel=\"nofollow noopener\" target=\"_blank\"><img decoding=\"async\" class=\"rsTmb\" src=\"https:\/\/www.europesays.com\/se\/wp-content\/uploads\/2026\/01\/Image_7-180x135.jpg\"\/><\/a><\/p>\n<p class=\"small-paragraph\">Ispremi\u00e4ren lockade m\u00e5nga till multiarenan. Bild: Privat\u00a0\u00a0[7\/14]<\/p>\n<p><a class=\"rsImg\" data-rsbigimg=\"https:\/\/xn--vrnamo-bua.nu\/wp-content\/uploads\/sites\/2\/2026\/01\/Image_8-1440x1080.jpg\" href=\"https:\/\/xn--vrnamo-bua.nu\/wp-content\/uploads\/sites\/2\/2026\/01\/Image_8-1024x768.jpg\" rel=\"nofollow noopener\" target=\"_blank\"><img decoding=\"async\" class=\"rsTmb\" src=\"https:\/\/www.europesays.com\/se\/wp-content\/uploads\/2026\/01\/Image_8-180x135.jpg\"\/><\/a><\/p>\n<p class=\"small-paragraph\">Ispremi\u00e4ren lockade m\u00e5nga till multiarenan. Bild: Privat\u00a0\u00a0[8\/14]<\/p>\n<p><a class=\"rsImg\" data-rsbigimg=\"https:\/\/xn--vrnamo-bua.nu\/wp-content\/uploads\/sites\/2\/2026\/01\/Image_9-1440x1080.jpg\" href=\"https:\/\/xn--vrnamo-bua.nu\/wp-content\/uploads\/sites\/2\/2026\/01\/Image_9-1024x768.jpg\" rel=\"nofollow noopener\" target=\"_blank\"><img decoding=\"async\" class=\"rsTmb\" src=\"https:\/\/www.europesays.com\/se\/wp-content\/uploads\/2026\/01\/Image_9-180x135.jpg\"\/><\/a><\/p>\n<p class=\"small-paragraph\">Gl\u00e4djen var stor! Bild: Privat\u00a0\u00a0[9\/14]<\/p>\n<p><a class=\"rsImg\" data-rsbigimg=\"https:\/\/xn--vrnamo-bua.nu\/wp-content\/uploads\/sites\/2\/2026\/01\/Image_10-1440x1080.jpg\" href=\"https:\/\/xn--vrnamo-bua.nu\/wp-content\/uploads\/sites\/2\/2026\/01\/Image_10-1024x768.jpg\" rel=\"nofollow noopener\" target=\"_blank\"><img decoding=\"async\" class=\"rsTmb\" src=\"https:\/\/www.europesays.com\/se\/wp-content\/uploads\/2026\/01\/Image_10-180x135.jpg\"\/><\/a><\/p>\n<p class=\"small-paragraph\">Gl\u00e4djen var stor! Bild: Privat\u00a0\u00a0[10\/14]<\/p>\n<p><a class=\"rsImg\" data-rsbigimg=\"https:\/\/xn--vrnamo-bua.nu\/wp-content\/uploads\/sites\/2\/2026\/01\/Image_11-810x1080.jpg\" href=\"https:\/\/xn--vrnamo-bua.nu\/wp-content\/uploads\/sites\/2\/2026\/01\/Image_11-576x768.jpg\" rel=\"nofollow noopener\" target=\"_blank\"><img decoding=\"async\" class=\"rsTmb\" src=\"https:\/\/www.europesays.com\/se\/wp-content\/uploads\/2026\/01\/Image_11-101x135.jpg\"\/><\/a><\/p>\n<p class=\"small-paragraph\">Eldsj\u00e4len Thomas Eriksson hade fullt upp med att slipa skridskoskenor. Bild: Privat\u00a0\u00a0[11\/14]<\/p>\n<p><a class=\"rsImg\" data-rsbigimg=\"https:\/\/xn--vrnamo-bua.nu\/wp-content\/uploads\/sites\/2\/2026\/01\/Image_12-810x1080.jpg\" href=\"https:\/\/xn--vrnamo-bua.nu\/wp-content\/uploads\/sites\/2\/2026\/01\/Image_12-576x768.jpg\" rel=\"nofollow noopener\" target=\"_blank\"><img decoding=\"async\" class=\"rsTmb\" src=\"https:\/\/www.europesays.com\/se\/wp-content\/uploads\/2026\/01\/Image_12-101x135.jpg\"\/><\/a><\/p>\n<p class=\"small-paragraph\">Eldsj\u00e4len Thomas Eriksson hade fullt upp med att slipa skridskoskenor. Bild: Privat\u00a0\u00a0[12\/14]<\/p>\n<p><a class=\"rsImg\" data-rsbigimg=\"https:\/\/xn--vrnamo-bua.nu\/wp-content\/uploads\/sites\/2\/2026\/01\/Image_13-1440x1080.jpg\" href=\"https:\/\/xn--vrnamo-bua.nu\/wp-content\/uploads\/sites\/2\/2026\/01\/Image_13-1024x768.jpg\" rel=\"nofollow noopener\" target=\"_blank\"><img decoding=\"async\" class=\"rsTmb\" src=\"https:\/\/www.europesays.com\/se\/wp-content\/uploads\/2026\/01\/Image_13-180x135.jpg\"\/><\/a><\/p>\n<p class=\"small-paragraph\">Multiarenan i kv\u00e4llsbelysning. Bild: Privat\u00a0\u00a0[13\/14]<\/p>\n<p><a class=\"rsImg\" data-rsbigimg=\"https:\/\/xn--vrnamo-bua.nu\/wp-content\/uploads\/sites\/2\/2026\/01\/Image_14-1440x1080.jpg\" href=\"https:\/\/xn--vrnamo-bua.nu\/wp-content\/uploads\/sites\/2\/2026\/01\/Image_14-1024x768.jpg\" rel=\"nofollow noopener\" target=\"_blank\"><img decoding=\"async\" class=\"rsTmb\" src=\"https:\/\/www.europesays.com\/se\/wp-content\/uploads\/2026\/01\/Image_14-180x135.jpg\"\/><\/a><\/p>\n<p class=\"small-paragraph\">Multiarenan i kv\u00e4llsbelysning. Bild: Privat\u00a0\u00a0[14\/14]<\/p>\n","protected":false},"excerpt":{"rendered":"I dag, p\u00e5 trettondagen, var det premi\u00e4r f\u00f6r skridsko\u00e5kning p\u00e5 multiarenan i K\u00e4rda. Bild: Privat\u00a0\u00a0[1\/14] M\u00e5nga ville ut&hellip;\n","protected":false},"author":2,"featured_media":127548,"comment_status":"","ping_status":"","sticky":false,"template":"","format":"standard","meta":{"footnotes":""},"categories":[12],"tags":[22,23,26,27,17,21,24,25,28,29,15,16,18,34,31,33,32,30,19,20],"class_list":{"0":"post-127547","1":"post","2":"type-post","3":"status-publish","4":"format-standard","5":"has-post-thumbnail","7":"category-sverige","8":"tag-breaking-news","9":"tag-breakingnews","10":"tag-featured-news","11":"tag-featurednews","12":"tag-headlines","13":"tag-huvudnyheter","14":"tag-latest-news","15":"tag-latestnews","16":"tag-main-news","17":"tag-mainnews","18":"tag-news","19":"tag-nyheter","20":"tag-rubriker","21":"tag-se","22":"tag-svenska","23":"tag-sverige","24":"tag-sweden","25":"tag-swedish","26":"tag-top-stories","27":"tag-topstories"},"share_on_mastodon":{"url":"https:\/\/pubeurope.com\/@se\/115849471265270220","error":""},"_links":{"self":[{"href":"https:\/\/www.europesays.com\/se\/wp-json\/wp\/v2\/posts\/127547","targetHints":{"allow":["GET"]}}],"collection":[{"href":"https:\/\/www.europesays.com\/se\/wp-json\/wp\/v2\/posts"}],"about":[{"href":"https:\/\/www.europesays.com\/se\/wp-json\/wp\/v2\/types\/post"}],"author":[{"embeddable":true,"href":"https:\/\/www.europesays.com\/se\/wp-json\/wp\/v2\/users\/2"}],"replies":[{"embeddable":true,"href":"https:\/\/www.europesays.com\/se\/wp-json\/wp\/v2\/comments?post=127547"}],"version-history":[{"count":0,"href":"https:\/\/www.europesays.com\/se\/wp-json\/wp\/v2\/posts\/127547\/revisions"}],"wp:featuredmedia":[{"embeddable":true,"href":"https:\/\/www.europesays.com\/se\/wp-json\/wp\/v2\/media\/127548"}],"wp:attachment":[{"href":"https:\/\/www.europesays.com\/se\/wp-json\/wp\/v2\/media?parent=127547"}],"wp:term":[{"taxonomy":"category","embeddable":true,"href":"https:\/\/www.europesays.com\/se\/wp-json\/wp\/v2\/categories?post=127547"},{"taxonomy":"post_tag","embeddable":true,"href":"https:\/\/www.europesays.com\/se\/wp-json\/wp\/v2\/tags?post=127547"}],"curies":[{"name":"wp","href":"https:\/\/api.w.org\/{rel}","templated":true}]}}