{"id":127555,"date":"2026-01-06T18:09:24","date_gmt":"2026-01-06T18:09:24","guid":{"rendered":"https:\/\/www.europesays.com\/se\/127555\/"},"modified":"2026-01-06T18:09:24","modified_gmt":"2026-01-06T18:09:24","slug":"tusentals-ar-fortfarande-utan-strom-efter-massivt-elavbrott-i-berlin-utrikes","status":"publish","type":"post","link":"https:\/\/www.europesays.com\/se\/127555\/","title":{"rendered":"Tusentals \u00e4r fortfarande utan str\u00f6m efter massivt elavbrott i Berlin | Utrikes"},"content":{"rendered":"<p class=\"aw-1gybjub aw-5vja16 kEtdKx kmuxyA yle__article__paragraph\">En anlagd brand misst\u00e4nks ligga bakom str\u00f6mavbrottet.<\/p>\n<p><img decoding=\"async\" alt=\"Tv\u00e5 m\u00e4n fr\u00e5n r\u00e4ddningspersonal vid en generator. \" src=\"https:\/\/www.europesays.com\/se\/wp-content\/uploads\/2026\/01\/39-1577144695b97340f903.jpeg\" class=\"aw-1l9m598 hKVVvP\"\/><\/p>\n<p>\u00d6ppna bildvisare<\/p>\n<p>R\u00e4ddningspersonal driver en generator i v\u00e4stra Berlin p\u00e5 l\u00f6rdagen d\u00e5 str\u00f6mavbrottet b\u00f6rjade. Bild: EPALyssna (du h\u00f6r en artificiell r\u00f6st) 1:17<\/p>\n<p class=\"aw-1gybjub aw-1p7kakr kEtdKx cEmitX yle__article__paragraph\">I Tysklands huvudstad Berlin \u00e4r 30\u00a0000 hush\u00e5ll och 1\u00a0900 f\u00f6retag fortfarande utan el.<\/p>\n<p class=\"aw-1gybjub aw-1p7kakr kEtdKx cEmitX yle__article__paragraph\">Str\u00f6mavbrottet b\u00f6rjade p\u00e5 l\u00f6rdagen n\u00e4r en anlagd brand skadade h\u00f6gsp\u00e4nningskablar i n\u00e4rheten av ett v\u00e4rme- och kraftverk i staden.<\/p>\n<p class=\"aw-1gybjub aw-1p7kakr kEtdKx cEmitX yle__article__paragraph\">Skadorna p\u00e5 eln\u00e4tet \u00e4r allvarliga och reparationen utmanande.<\/p>\n<p class=\"aw-1gybjub aw-1p7kakr kEtdKx cEmitX yle__article__paragraph\">Arbetet med att \u00e5terst\u00e4lla elf\u00f6rs\u00f6rjningen p\u00e5g\u00e5r och en del hush\u00e5ll har kunnat \u00e5teranslutas till eln\u00e4tet.<\/p>\n<p>V\u00e4sterradikal grupp tar p\u00e5 sig ansvaret<\/p>\n<p class=\"aw-1gybjub aw-1p7kakr kEtdKx cEmitX yle__article__paragraph\">Den v\u00e4nsterradikala gruppen Vulkangruppe har tagit p\u00e5 sig ansvaret f\u00f6r den anlagda branden som orsakade str\u00f6mavbrottet.<\/p>\n<p class=\"aw-1gybjub aw-1p7kakr kEtdKx cEmitX yle__article__paragraph\">Gruppen s\u00e4ger att deras handling var direkt riktad mot den fossila energiindustrin.<\/p>\n<p class=\"aw-1gybjub aw-1p7kakr kEtdKx cEmitX yle__article__paragraph\">Berlins borgm\u00e4stare <strong class=\"aw-ak79eh KyCXm yle__article__strong\">Kai Wegner<\/strong> beskriver mordbranden som terrorism.<\/p>\n<p class=\"aw-1gybjub aw-1p7kakr kEtdKx cEmitX yle__article__paragraph\">\u2013 Det \u00e4r fr\u00e5ga om en v\u00e4nsterextremistisk grupp som \u00e5terigen har angripit v\u00e5r infrastruktur och utsatt m\u00e4nniskors liv f\u00f6r fara, s\u00e4ger Wegner.<\/p>\n<p class=\"aw-1gybjub aw-1p7kakr kEtdKx cEmitX yle__article__paragraph\">Berlins senator med ansvar f\u00f6r inrikes \u00e4renden, <strong class=\"aw-ak79eh KyCXm yle__article__strong\">Iris Spranger<\/strong>, f\u00f6rd\u00f6mer attacken mot berlinare och stadens bes\u00f6kare och beskriver den som inhuman.<\/p>\n<p class=\"aw-1gybjub aw-1p7kakr kEtdKx cEmitX yle__article__paragraph\">K\u00e4llor: Reuters, STT<\/p>\n","protected":false},"excerpt":{"rendered":"En anlagd brand misst\u00e4nks ligga bakom str\u00f6mavbrottet. \u00d6ppna bildvisare R\u00e4ddningspersonal driver en generator i v\u00e4stra Berlin p\u00e5 l\u00f6rdagen&hellip;\n","protected":false},"author":2,"featured_media":127556,"comment_status":"","ping_status":"","sticky":false,"template":"","format":"standard","meta":{"footnotes":""},"categories":[14],"tags":[11884,22,23,12673,13102,2305,13208,12674,2145,26,27,17,21,24,25,28,29,15,16,18,34,31,33,32,30,19,20,408,237,51,52,53,54],"class_list":{"0":"post-127555","1":"post","2":"type-post","3":"status-publish","4":"format-standard","5":"has-post-thumbnail","7":"category-varlden","8":"tag-berlin","9":"tag-breaking-news","10":"tag-breakingnews","11":"tag-elavbrott","12":"tag-eldsvador","13":"tag-elektricitet","14":"tag-elforsorjning","15":"tag-elnat","16":"tag-energi","17":"tag-featured-news","18":"tag-featurednews","19":"tag-headlines","20":"tag-huvudnyheter","21":"tag-latest-news","22":"tag-latestnews","23":"tag-main-news","24":"tag-mainnews","25":"tag-news","26":"tag-nyheter","27":"tag-rubriker","28":"tag-se","29":"tag-svenska","30":"tag-sverige","31":"tag-sweden","32":"tag-swedish","33":"tag-top-stories","34":"tag-topstories","35":"tag-tyskland","36":"tag-utrikes","37":"tag-varlden","38":"tag-world","39":"tag-world-news","40":"tag-worldnews"},"share_on_mastodon":{"url":"https:\/\/pubeurope.com\/@se\/115849498713329262","error":""},"_links":{"self":[{"href":"https:\/\/www.europesays.com\/se\/wp-json\/wp\/v2\/posts\/127555","targetHints":{"allow":["GET"]}}],"collection":[{"href":"https:\/\/www.europesays.com\/se\/wp-json\/wp\/v2\/posts"}],"about":[{"href":"https:\/\/www.europesays.com\/se\/wp-json\/wp\/v2\/types\/post"}],"author":[{"embeddable":true,"href":"https:\/\/www.europesays.com\/se\/wp-json\/wp\/v2\/users\/2"}],"replies":[{"embeddable":true,"href":"https:\/\/www.europesays.com\/se\/wp-json\/wp\/v2\/comments?post=127555"}],"version-history":[{"count":0,"href":"https:\/\/www.europesays.com\/se\/wp-json\/wp\/v2\/posts\/127555\/revisions"}],"wp:featuredmedia":[{"embeddable":true,"href":"https:\/\/www.europesays.com\/se\/wp-json\/wp\/v2\/media\/127556"}],"wp:attachment":[{"href":"https:\/\/www.europesays.com\/se\/wp-json\/wp\/v2\/media?parent=127555"}],"wp:term":[{"taxonomy":"category","embeddable":true,"href":"https:\/\/www.europesays.com\/se\/wp-json\/wp\/v2\/categories?post=127555"},{"taxonomy":"post_tag","embeddable":true,"href":"https:\/\/www.europesays.com\/se\/wp-json\/wp\/v2\/tags?post=127555"}],"curies":[{"name":"wp","href":"https:\/\/api.w.org\/{rel}","templated":true}]}}