{"id":127557,"date":"2026-01-06T18:10:27","date_gmt":"2026-01-06T18:10:27","guid":{"rendered":"https:\/\/www.europesays.com\/se\/127557\/"},"modified":"2026-01-06T18:10:27","modified_gmt":"2026-01-06T18:10:27","slug":"gul-varning-for-snofall-upp-till-25-centimeter-vantas-arvika-nyheter","status":"publish","type":"post","link":"https:\/\/www.europesays.com\/se\/127557\/","title":{"rendered":"Gul varning f\u00f6r sn\u00f6fall \u2013 upp till 25 centimeter v\u00e4ntas &#8211; Arvika Nyheter"},"content":{"rendered":"<ol>\n<li><a href=\"https:\/\/news.google.com\/rss\/articles\/CBMiogFBVV95cUxPQlExQTBBY2VwcEhhMFk3dE1TLXU4RnJPZXpkTUhKSG13bE9NQl9WcmZTa1FWYlhranJRalJKd0R0UWhPejNxc1FmbUlIUUxxX3BReE40ZDZOdUV2d2thUEJHSGFHeG9sMWx1VDRMR1hmV2VmeHBMUEhOdW1rZ2ZlMFZpN25nRmFEMmFiaEJzN2R1NVppaWNFQVlfdlpGQlR3VWc?oc=5\" target=\"_blank\" rel=\"nofollow noopener\">Gul varning f\u00f6r sn\u00f6fall \u2013 upp till 25 centimeter v\u00e4ntas<\/a>&nbsp;&nbsp;Arvika Nyheter<\/li>\n<li><a href=\"https:\/\/news.google.com\/rss\/articles\/CBMiowFBVV95cUxNSG1namNRZUN0eFk3dU1UU1p2SHN5TkpkdDlvXzNUUHVOcHIwdWdOMExxT1VwWE1NQUxDQWxIMERyVzFLcmxnMWhfQlpWS2xWdS12TGJLQ3VCTzN2anBEVHJrY1R1dnRuU1VCdDZ3TDJvWUxGbllNMlFxUDhHaVk4cDZNQkFiQ0E1cTNHMEREM25GTjJ4Qlo4bEIxNFFDTUZGdktV?oc=5\" target=\"_blank\" rel=\"nofollow noopener\">Gul varning f\u00f6r sn\u00f6fall i V\u00e4rmland \u2013 upp till 25 centimeter v\u00e4ntas<\/a>&nbsp;&nbsp;NWT<\/li>\n<li><a href=\"https:\/\/news.google.com\/rss\/articles\/CBMijwFBVV95cUxOT0Q5QjNEcDRTRFE4ak1ENldLbm9EdmFkcUFIWUV6YjhoTEpPZHlJd2hTUGZJX1hrWkVFbDJWLVNxU3ItS0ZSOEZXOWhKYXdReXV5R3dCRmIyeTgwOC15WnNWR3ZjUUZDLVFYcUdKY2lnM09KcnpGVVB1a3FEZFo0RkRJdE1KSVA3Z3FTV3lFZw?oc=5\" target=\"_blank\" rel=\"nofollow noopener\">SMHI varnar: Upp till 15 centimeter sn\u00f6 i V\u00e4rmland<\/a>&nbsp;&nbsp;Sveriges Radio<\/li>\n<li><a href=\"https:\/\/news.google.com\/rss\/articles\/CBMioAFBVV95cUxNMGpXLURjcXUzT2t3RlV0dXV0UTBRVVJMbWdNUG53cFF5RDB0aGNLbHFiWkVQazhLc1dualJNdFJHbWVCMEpxRnZKaFh0LTFfN1ZyTld4UmJudVIyQ2dxVmM1bm9zVFBGdF9wTUgwajdiaWd3RDBDYmRqTTFPSU1sSV8zcFNSRlBOR2tQU1pmNmF5LUlQQWp6RmFMeFZVUGsz?oc=5\" target=\"_blank\" rel=\"nofollow noopener\">Efter rej\u00e4la sn\u00f6fallet \u2013 d\u00e5 v\u00e4ntas n\u00e4sta sn\u00f6smocka: \u201dP\u00e5fyllning \u00f6verallt\u201d<\/a>&nbsp;&nbsp;VF<\/li>\n<li><a href=\"https:\/\/news.google.com\/rss\/articles\/CBMimAFBVV95cUxPSzRGamVqT3RFWHB6UmVCWGhmMDIwdEFIcU1TYWw4NVMyeUQtWGw3OG5nVjMxZkNIbUtlS2Q1ZWtKeHBVVXFmOFZQczNSLVh1UWFhRm9iSGkyOEgyT09ZczY5bmhPOTF0ZFlUdXo3Y2dpYVBoeVNfck1ib0gxWFQzMzhrUTdseVM2NHVHOUtaVHVpSzA3TGNhcA?oc=5\" target=\"_blank\" rel=\"nofollow noopener\">Chockstart f\u00f6r Daniel n\u00e4r sn\u00f6ov\u00e4dret slog till<\/a>&nbsp;&nbsp;Arvika Nyheter<\/li>\n<\/ol>\n","protected":false},"excerpt":{"rendered":"Gul varning f\u00f6r sn\u00f6fall \u2013 upp till 25 centimeter v\u00e4ntas&nbsp;&nbsp;Arvika Nyheter Gul varning f\u00f6r sn\u00f6fall i V\u00e4rmland \u2013&hellip;\n","protected":false},"author":2,"featured_media":127261,"comment_status":"","ping_status":"","sticky":false,"template":"","format":"standard","meta":{"footnotes":""},"categories":[12],"tags":[22,23,26,27,17,21,24,25,28,29,15,16,18,34,31,33,32,30,19,20],"class_list":{"0":"post-127557","1":"post","2":"type-post","3":"status-publish","4":"format-standard","5":"has-post-thumbnail","7":"category-sverige","8":"tag-breaking-news","9":"tag-breakingnews","10":"tag-featured-news","11":"tag-featurednews","12":"tag-headlines","13":"tag-huvudnyheter","14":"tag-latest-news","15":"tag-latestnews","16":"tag-main-news","17":"tag-mainnews","18":"tag-news","19":"tag-nyheter","20":"tag-rubriker","21":"tag-se","22":"tag-svenska","23":"tag-sverige","24":"tag-sweden","25":"tag-swedish","26":"tag-top-stories","27":"tag-topstories"},"share_on_mastodon":{"url":"https:\/\/pubeurope.com\/@se\/115849502682262414","error":""},"_links":{"self":[{"href":"https:\/\/www.europesays.com\/se\/wp-json\/wp\/v2\/posts\/127557","targetHints":{"allow":["GET"]}}],"collection":[{"href":"https:\/\/www.europesays.com\/se\/wp-json\/wp\/v2\/posts"}],"about":[{"href":"https:\/\/www.europesays.com\/se\/wp-json\/wp\/v2\/types\/post"}],"author":[{"embeddable":true,"href":"https:\/\/www.europesays.com\/se\/wp-json\/wp\/v2\/users\/2"}],"replies":[{"embeddable":true,"href":"https:\/\/www.europesays.com\/se\/wp-json\/wp\/v2\/comments?post=127557"}],"version-history":[{"count":0,"href":"https:\/\/www.europesays.com\/se\/wp-json\/wp\/v2\/posts\/127557\/revisions"}],"wp:featuredmedia":[{"embeddable":true,"href":"https:\/\/www.europesays.com\/se\/wp-json\/wp\/v2\/media\/127261"}],"wp:attachment":[{"href":"https:\/\/www.europesays.com\/se\/wp-json\/wp\/v2\/media?parent=127557"}],"wp:term":[{"taxonomy":"category","embeddable":true,"href":"https:\/\/www.europesays.com\/se\/wp-json\/wp\/v2\/categories?post=127557"},{"taxonomy":"post_tag","embeddable":true,"href":"https:\/\/www.europesays.com\/se\/wp-json\/wp\/v2\/tags?post=127557"}],"curies":[{"name":"wp","href":"https:\/\/api.w.org\/{rel}","templated":true}]}}