{"id":127558,"date":"2026-01-06T18:11:13","date_gmt":"2026-01-06T18:11:13","guid":{"rendered":"https:\/\/www.europesays.com\/se\/127558\/"},"modified":"2026-01-06T18:11:13","modified_gmt":"2026-01-06T18:11:13","slug":"ledare-stangs-av-efter-markliga-scener-i-ungdomscup","status":"publish","type":"post","link":"https:\/\/www.europesays.com\/se\/127558\/","title":{"rendered":"Ledare st\u00e4ngs av efter m\u00e4rkliga scener i ungdomscup"},"content":{"rendered":"<p><strong>Ett videoklipp d\u00e4r ungdomslag medvetet g\u00f6r sj\u00e4lvm\u00e5l har v\u00e4ckt starka reaktioner under Gothia Innebandy Cup. Nu agerar cupens t\u00e4vlingsjury kraftfullt och st\u00e4nger av lagens huvudledare under resten av turneringen. \u201dVi valde att ta det h\u00e4r beslutet f\u00f6r att markera\u201d, s\u00e4ger Mikael Bj\u00f6rk fr\u00e5n t\u00e4vlingsjuryn.<\/strong><\/p>\n<p><img loading=\"lazy\" decoding=\"async\" width=\"1400\" height=\"900\" src=\"https:\/\/www.europesays.com\/se\/wp-content\/uploads\/2026\/01\/087A2927.jpg\" alt=\"\" class=\"wp-image-194897\"  \/>Foto: Per Wiklund<\/p>\n<p>H\u00e4ndelserna har f\u00e5tt stor spridning i sociala medier fr\u00e5n en ungdomsmatch i p\u00e5g\u00e5ende Gothia Innebandy Cup i G\u00f6teborg, d\u00e4r b\u00e5da lagen \u2013 till synes medvetet \u2013 g\u00f6r sj\u00e4lvm\u00e5l. Anledningen tros ha varit att man vid f\u00f6rlust hade kunnat f\u00e5 en mer f\u00f6rdelaktig resa i resten av cupen.\u00a0<\/p>\n<p>\u201dBeslutade att ta in yttrande fr\u00e5n ledarna\u201d<\/p>\n<p>Det h\u00e4r har f\u00e5tt cupens t\u00e4vlingsjury att agera. Ett beslut har fattats om att st\u00e4nga av huvudtr\u00e4narna i b\u00e5da lagen i resten av cupen.\u00a0<\/p>\n<p>\u2013 Vi har sett videoklippet och att det skrevs mycket om det, p\u00e5 Facebook, bloggar och allting. D\u00e5 beslutade vi att ta in yttrande fr\u00e5n ledarna i det h\u00e4r \u00e4rendet. Vi har \u00e4ven pratat med arrang\u00f6ren. Ingen anm\u00e4lan har kommit in till t\u00e4vlingsjuryn eller Gothia Cup. D\u00e4remot har vi f\u00e5tt in mail, men ingen formell anm\u00e4lan i grund och botten. Men efter alla p\u00e5tryckningar s\u00e5 har vi valt att l\u00e5ta ledarna yttra sig. D\u00e4refter har vi agerat p\u00e5 sj\u00e4lva h\u00e4ndelsen med att st\u00e4nga av huvudledarna fr\u00e5n turneringen, s\u00e4ger t\u00e4vlingsjuryns Mikael Bj\u00f6rk till Innebandymagazinet och forts\u00e4tter:\u00a0<\/p>\n<p>\u2013 Att g\u00e5 ut och straffa ett helt lag kan vi inte g\u00f6ra, det har vi inte befogenheter till. Vi kan inte g\u00f6ra n\u00e5got annat \u00e4n att beg\u00e4ra in yttranden och sedan st\u00e4nga av ledarna, i det h\u00e4r fallet i resten av turneringen. Sen kommer vi \u00e4ven att skicka \u00e4rendet upp till Svenska Innebandyf\u00f6rbundets Juridiska N\u00e4mnd f\u00f6r eventuella fler konsekvenser.\u00a0<\/p>\n<p>\u201dTar beslutet f\u00f6r att markera\u201d<\/p>\n<p>Mikael Bj\u00f6rk ber\u00e4ttar att det inte finns n\u00e5got tydligt regelverk kring s\u00e5dana h\u00e4r h\u00e4ndelser, mer \u00e4n kring matchfixning, men som han inte upplever att det \u00e4r fr\u00e5ga om h\u00e4r.\u00a0<\/p>\n<p>Enligt ledarnas yttranden s\u00e5 ska dessa h\u00e4ndelser inte ha uppkommit p\u00e5 deras egna initiativ. Det kan snarare ha handlat om beslut av enskilda spelare och med p\u00e5tryckningar fr\u00e5n \u00e5sk\u00e5dare.\u00a0<\/p>\n<p>\u2013 S\u00e5 kan det ha varit, vi vet ju inte. Men det figurerar s\u00e5 mycket snack kring det h\u00e4r. Det s\u00e4gs att man h\u00f6r ledare skrika \u201cg\u00f6r sj\u00e4lvm\u00e5l\u201d men det kan lika g\u00e4rna ha varit n\u00e5gon p\u00e5 l\u00e4ktaren. Enligt en ledare s\u00e5 ska man ha kallat till sig spelarna efter\u00e5t och sagt att \u201cvi spelar inte p\u00e5 det h\u00e4r s\u00e4ttet\u201d. Men vi valde \u00e4nd\u00e5 att ta det h\u00e4r beslutet f\u00f6r att markera.\u00a0<\/p>\n","protected":false},"excerpt":{"rendered":"Ett videoklipp d\u00e4r ungdomslag medvetet g\u00f6r sj\u00e4lvm\u00e5l har v\u00e4ckt starka reaktioner under Gothia Innebandy Cup. Nu agerar cupens&hellip;\n","protected":false},"author":2,"featured_media":127559,"comment_status":"","ping_status":"","sticky":false,"template":"","format":"standard","meta":{"footnotes":""},"categories":[5],"tags":[22,23,26,27,17,21,24,25,28,29,15,16,18,34,31,33,32,30,19,461,20],"class_list":{"0":"post-127558","1":"post","2":"type-post","3":"status-publish","4":"format-standard","5":"has-post-thumbnail","7":"category-rubriker","8":"tag-breaking-news","9":"tag-breakingnews","10":"tag-featured-news","11":"tag-featurednews","12":"tag-headlines","13":"tag-huvudnyheter","14":"tag-latest-news","15":"tag-latestnews","16":"tag-main-news","17":"tag-mainnews","18":"tag-news","19":"tag-nyheter","20":"tag-rubriker","21":"tag-se","22":"tag-svenska","23":"tag-sverige","24":"tag-sweden","25":"tag-swedish","26":"tag-top-stories","27":"tag-topp-6","28":"tag-topstories"},"share_on_mastodon":{"url":"https:\/\/pubeurope.com\/@se\/115849506486441190","error":""},"_links":{"self":[{"href":"https:\/\/www.europesays.com\/se\/wp-json\/wp\/v2\/posts\/127558","targetHints":{"allow":["GET"]}}],"collection":[{"href":"https:\/\/www.europesays.com\/se\/wp-json\/wp\/v2\/posts"}],"about":[{"href":"https:\/\/www.europesays.com\/se\/wp-json\/wp\/v2\/types\/post"}],"author":[{"embeddable":true,"href":"https:\/\/www.europesays.com\/se\/wp-json\/wp\/v2\/users\/2"}],"replies":[{"embeddable":true,"href":"https:\/\/www.europesays.com\/se\/wp-json\/wp\/v2\/comments?post=127558"}],"version-history":[{"count":0,"href":"https:\/\/www.europesays.com\/se\/wp-json\/wp\/v2\/posts\/127558\/revisions"}],"wp:featuredmedia":[{"embeddable":true,"href":"https:\/\/www.europesays.com\/se\/wp-json\/wp\/v2\/media\/127559"}],"wp:attachment":[{"href":"https:\/\/www.europesays.com\/se\/wp-json\/wp\/v2\/media?parent=127558"}],"wp:term":[{"taxonomy":"category","embeddable":true,"href":"https:\/\/www.europesays.com\/se\/wp-json\/wp\/v2\/categories?post=127558"},{"taxonomy":"post_tag","embeddable":true,"href":"https:\/\/www.europesays.com\/se\/wp-json\/wp\/v2\/tags?post=127558"}],"curies":[{"name":"wp","href":"https:\/\/api.w.org\/{rel}","templated":true}]}}