{"id":127562,"date":"2026-01-06T18:14:07","date_gmt":"2026-01-06T18:14:07","guid":{"rendered":"https:\/\/www.europesays.com\/se\/127562\/"},"modified":"2026-01-06T18:14:07","modified_gmt":"2026-01-06T18:14:07","slug":"ski-rock-festival-vantas-dra-rekordpublik-falu-kuriren","status":"publish","type":"post","link":"https:\/\/www.europesays.com\/se\/127562\/","title":{"rendered":"Ski &#038; Rock Festival v\u00e4ntas dra rekordpublik \u2013 Falu-Kuriren"},"content":{"rendered":"<p>F\u00f6rberedelserna \u00e4r i full g\u00e5ng inf\u00f6r Ski &amp; Rock Festival som arrangeras den 16\u201318 april vid S\u00e4lens H\u00f6gfj\u00e4llshotell. Enligt arrang\u00f6rerna \u00e4r trycket p\u00e5 b\u00e5de biljetter och boende ovanligt h\u00f6gt, och mycket talar f\u00f6r att \u00e5rets upplaga kan bli sluts\u00e5ld snabbt.<\/p>\n<p>\u2013 Det \u00e4r v\u00e4ldigt roligt att se hur festivalen forts\u00e4tter att v\u00e4xa. I \u00e5r tar vi tydliga steg fram\u00e5t genom att ut\u00f6ka festivalomr\u00e5det, skapa b\u00e4ttre fl\u00f6den och utveckla b\u00e5de scenutbud och inneh\u00e5ll. M\u00e5let \u00e4r att ge bes\u00f6karna en \u00e4nnu starkare helhetsupplevelse, s\u00e4ger Jesper Svensson, projektledare f\u00f6r Ski &amp; Rock Festival.<\/p>\n<p>En viktig f\u00f6rklaring \u00e4r \u00e5rets artistuppst\u00e4llning, som samlar flera av Sveriges mest publikdragande namn. Bland de bokade artisterna finns Bolaget, Soppgirobygget, Hoffmaestro, Markoolio och Peg Parnevik. D\u00e4rtill presenteras ett omfattande DJ-program med etablerade namn som DJ \u00d6zzi, Tim Henri &amp; Simon Jayson och DJ Johnny D. Fler artister v\u00e4ntas dessutom tillkomma.<\/p>\n<p>\u2013 Trycket \u00e4r enormt och det m\u00e4rks tydligt att publiken verkligen vill vara h\u00e4r i \u00e5r. Vi har n\u00e5gra av Sveriges absolut starkaste liveakter p\u00e5 plats och tillsammans med fj\u00e4llmilj\u00f6n och freestyle show skapar det en upplevelse som \u00e4r sv\u00e5r att hitta n\u00e5gon annanstans, s\u00e4ger Morgan Bergvall, festivalgeneral f\u00f6r Ski &amp; Rock Festival.<\/p>\n<p>Festivalen forts\u00e4tter samtidigt att utvecklas. Arrang\u00f6ren planerar nu f\u00f6r en andra scen, d\u00e4r spelschemat presenteras inom kort. Festivalomr\u00e5det byggs dessutom ut med cirka 3 000 kvadratmeter, med fokus p\u00e5 fler mat- och dryckeskoncept, aktiviteter och b\u00e4ttre publikfl\u00f6den.<\/p>\n<p>\u2013 Vi \u00e4r otroligt glada \u00f6ver att f\u00e5 vara en del av Ski &amp; Rock Festival. Den visar p\u00e5 den bredd och m\u00e5ngfald som S\u00e4len kan erbjuda. Kombinationen av livemusik, fj\u00e4llmilj\u00f6 och skid\u00e5kning \u00e4r en fulltr\u00e4ff som verkligen uppskattas av v\u00e5ra g\u00e4ster, s\u00e4ger Anders Bjernulf, destinationschef i S\u00e4len.<\/p>\n<p>Ski &amp; Rock Festival har arrangerats sedan 1990 och har genom \u00e5ren lockat stora artister och publik fr\u00e5n hela landet. F\u00f6rra \u00e5ret hade Ski &amp; Rock sammanlagt cirka 16 000 s\u00e5lda biljetter, n\u00e5got man nu allts\u00e5 ser ut att sl\u00e5.<\/p>\n","protected":false},"excerpt":{"rendered":"F\u00f6rberedelserna \u00e4r i full g\u00e5ng inf\u00f6r Ski &amp; Rock Festival som arrangeras den 16\u201318 april vid S\u00e4lens H\u00f6gfj\u00e4llshotell.&hellip;\n","protected":false},"author":2,"featured_media":127563,"comment_status":"","ping_status":"","sticky":false,"template":"","format":"standard","meta":{"footnotes":""},"categories":[67],"tags":[104,34,31,33,32,30,105],"class_list":{"0":"post-127562","1":"post","2":"type-post","3":"status-publish","4":"format-standard","5":"has-post-thumbnail","7":"category-underhallning","8":"tag-entertainment","9":"tag-se","10":"tag-svenska","11":"tag-sverige","12":"tag-sweden","13":"tag-swedish","14":"tag-underhallning"},"share_on_mastodon":{"url":"https:\/\/pubeurope.com\/@se\/115849518401719769","error":""},"_links":{"self":[{"href":"https:\/\/www.europesays.com\/se\/wp-json\/wp\/v2\/posts\/127562","targetHints":{"allow":["GET"]}}],"collection":[{"href":"https:\/\/www.europesays.com\/se\/wp-json\/wp\/v2\/posts"}],"about":[{"href":"https:\/\/www.europesays.com\/se\/wp-json\/wp\/v2\/types\/post"}],"author":[{"embeddable":true,"href":"https:\/\/www.europesays.com\/se\/wp-json\/wp\/v2\/users\/2"}],"replies":[{"embeddable":true,"href":"https:\/\/www.europesays.com\/se\/wp-json\/wp\/v2\/comments?post=127562"}],"version-history":[{"count":0,"href":"https:\/\/www.europesays.com\/se\/wp-json\/wp\/v2\/posts\/127562\/revisions"}],"wp:featuredmedia":[{"embeddable":true,"href":"https:\/\/www.europesays.com\/se\/wp-json\/wp\/v2\/media\/127563"}],"wp:attachment":[{"href":"https:\/\/www.europesays.com\/se\/wp-json\/wp\/v2\/media?parent=127562"}],"wp:term":[{"taxonomy":"category","embeddable":true,"href":"https:\/\/www.europesays.com\/se\/wp-json\/wp\/v2\/categories?post=127562"},{"taxonomy":"post_tag","embeddable":true,"href":"https:\/\/www.europesays.com\/se\/wp-json\/wp\/v2\/tags?post=127562"}],"curies":[{"name":"wp","href":"https:\/\/api.w.org\/{rel}","templated":true}]}}