{"id":127564,"date":"2026-01-06T18:15:07","date_gmt":"2026-01-06T18:15:07","guid":{"rendered":"https:\/\/www.europesays.com\/se\/127564\/"},"modified":"2026-01-06T18:15:07","modified_gmt":"2026-01-06T18:15:07","slug":"ny-vikbar-skarm-saknar-synligt-veck","status":"publish","type":"post","link":"https:\/\/www.europesays.com\/se\/127564\/","title":{"rendered":"Ny vikbar sk\u00e4rm saknar synligt veck"},"content":{"rendered":"<p class=\"kicker t20 font-Raleway\" style=\"\">Samsung visar framtidens sk\u00e4rm<\/p>\n<p>    En ny vikbar OLED-sk\u00e4rm fr\u00e5n Samsung visar hur problemet med synliga veck kan vara p\u00e5 v\u00e4g att l\u00f6sas.<\/p>\n<p>Samsung har visat upp en ny vikbar sk\u00e4rm som n\u00e4stan helt saknar det synliga veck som l\u00e4nge varit ett problem f\u00f6r vikbara mobiltelefoner. Den nya OLED-panelen presenterades av Samsung Display under teknikm\u00e4ssan CES 2026.\u00a0<\/p>\n<p>Enligt Samsung beror f\u00f6rb\u00e4ttringen p\u00e5 en ny konstruktion under sk\u00e4rmen. Panelen anv\u00e4nder en tunn metallplatta som f\u00f6rdelar belastningen n\u00e4r sk\u00e4rmen viks, vilket minskar risken f\u00f6r att ett veck bildas. F\u00f6retaget s\u00e4ger att det ger en mer sammanh\u00e4ngande bild, d\u00e4r text och inneh\u00e5ll flyter j\u00e4mnt \u00f6ver vikningen.\u00a0<\/p>\n<p>Sk\u00e4rmen visades sida vid sida med panelen fr\u00e5n\u00a0Galaxy\u00a0Z\u00a0Fold\u00a07, d\u00e4r skillnaden var tydlig. Medan det \u00e4ldre vecket fortfarande kan ses fr\u00e5n vissa vinklar, var det sv\u00e5rt att uppt\u00e4cka n\u00e5got veck alls p\u00e5 den nya prototypen. Samsung har \u00e4nnu inte bekr\u00e4ftat vilka produkter som ska anv\u00e4nda tekniken, men det spekuleras i att den kan dyka upp i den kommande\u00a0Galaxy\u00a0Z\u00a0Fold\u00a08.\u00a0<\/p>\n","protected":false},"excerpt":{"rendered":"Samsung visar framtidens sk\u00e4rm En ny vikbar OLED-sk\u00e4rm fr\u00e5n Samsung visar hur problemet med synliga veck kan vara&hellip;\n","protected":false},"author":2,"featured_media":127565,"comment_status":"","ping_status":"","sticky":false,"template":"","format":"standard","meta":{"footnotes":""},"categories":[66],"tags":[80,78,79,34,31,33,32,30,81,84,83,82],"class_list":{"0":"post-127564","1":"post","2":"type-post","3":"status-publish","4":"format-standard","5":"has-post-thumbnail","7":"category-vetenskap-och-teknik","8":"tag-science","9":"tag-science-and-technology","10":"tag-scienceandtechnology","11":"tag-se","12":"tag-svenska","13":"tag-sverige","14":"tag-sweden","15":"tag-swedish","16":"tag-technology","17":"tag-teknik","18":"tag-vetenskap","19":"tag-vetenskapteknik"},"share_on_mastodon":{"url":"https:\/\/pubeurope.com\/@se\/115849522221216797","error":""},"_links":{"self":[{"href":"https:\/\/www.europesays.com\/se\/wp-json\/wp\/v2\/posts\/127564","targetHints":{"allow":["GET"]}}],"collection":[{"href":"https:\/\/www.europesays.com\/se\/wp-json\/wp\/v2\/posts"}],"about":[{"href":"https:\/\/www.europesays.com\/se\/wp-json\/wp\/v2\/types\/post"}],"author":[{"embeddable":true,"href":"https:\/\/www.europesays.com\/se\/wp-json\/wp\/v2\/users\/2"}],"replies":[{"embeddable":true,"href":"https:\/\/www.europesays.com\/se\/wp-json\/wp\/v2\/comments?post=127564"}],"version-history":[{"count":0,"href":"https:\/\/www.europesays.com\/se\/wp-json\/wp\/v2\/posts\/127564\/revisions"}],"wp:featuredmedia":[{"embeddable":true,"href":"https:\/\/www.europesays.com\/se\/wp-json\/wp\/v2\/media\/127565"}],"wp:attachment":[{"href":"https:\/\/www.europesays.com\/se\/wp-json\/wp\/v2\/media?parent=127564"}],"wp:term":[{"taxonomy":"category","embeddable":true,"href":"https:\/\/www.europesays.com\/se\/wp-json\/wp\/v2\/categories?post=127564"},{"taxonomy":"post_tag","embeddable":true,"href":"https:\/\/www.europesays.com\/se\/wp-json\/wp\/v2\/tags?post=127564"}],"curies":[{"name":"wp","href":"https:\/\/api.w.org\/{rel}","templated":true}]}}