{"id":127568,"date":"2026-01-06T18:21:08","date_gmt":"2026-01-06T18:21:08","guid":{"rendered":"https:\/\/www.europesays.com\/se\/127568\/"},"modified":"2026-01-06T18:21:08","modified_gmt":"2026-01-06T18:21:08","slug":"ny-tung-forlust-for-trubbigt-farjestad-vi-jobbar-desperat-for-att-vinna-nwt","status":"publish","type":"post","link":"https:\/\/www.europesays.com\/se\/127568\/","title":{"rendered":"Ny tung f\u00f6rlust f\u00f6r trubbigt F\u00e4rjestad: \u201dVi jobbar desperat f\u00f6r att vinna\u201d &#8211; NWT"},"content":{"rendered":"<ol>\n<li><a href=\"https:\/\/news.google.com\/rss\/articles\/CBMirAFBVV95cUxQR1BtdDQxZC1NNmREbkNTWmNPblU1UUcweGdzWkdmdzRwdG5lVmlEMVRjU05GeHpxTHdBMXZvRThGbHgycHBLRUFTcUlCUlhyYW1WVVJXWlVnU0tEeEE4aHFNTWhFclltYTNqTTdqS0xiNDFjb0RFdXVkVnNuanZ4eUo5ajhUTUdmd1JVdl9pQm1vNE5wSFp1cnA0cmJDRzZmWFZZOGg2eGZiall2?oc=5\" target=\"_blank\" rel=\"nofollow noopener\">Ny tung f\u00f6rlust f\u00f6r trubbigt F\u00e4rjestad: \u201dVi jobbar desperat f\u00f6r att vinna\u201d<\/a>&nbsp;&nbsp;NWT<\/li>\n<li><a href=\"https:\/\/news.google.com\/rss\/articles\/CBMikAFBVV95cUxNRFY3c290X1JsZE5NdGhnNEZ3X2FvQkh4NkVMYWloN0dId1RpV1BFUzYxMHJYdlB4YWxqZ2laR3N3R0VHdG1BLW8xZlpDR2Zvc1EzcXFQVU85UmNuc2RHdEFWUHRKWXFLMFlEQ1g1Y0ZrYVh0Sl9kRE1rWkg0b2xzeEl1VUxpVjZqanBLU0FXMWY?oc=5\" target=\"_blank\" rel=\"nofollow noopener\">Kr\u00f6nika: Ord jag inte kunde dr\u00f6mma om att jag skulle skriva<\/a>&nbsp;&nbsp;NWT<\/li>\n<li><a href=\"https:\/\/news.google.com\/rss\/articles\/CBMiiwFBVV95cUxONGRCNmNRNC04YV85YXNMX0JfekZ1bWdmdml1WkcweWRiWVptZTZZd3djMXRtSmxPMmFjaWFrVHd6YkQ5SnNOSDNwOHpmRWJoR0VPX2NTUmNKM2JZYmRLTkV0SWFSNU9fUERGVXhYT3dFT0xFS3h3bHJaUUxaZmltaE9BQkZBTFFGZkQw?oc=5\" target=\"_blank\" rel=\"nofollow noopener\">Ishockey: Malm\u00f6s Carl Persson n\u00e5dde milstolpe mot F\u00e4rjestad<\/a>&nbsp;&nbsp;SVT Nyheter<\/li>\n<li><a href=\"https:\/\/news.google.com\/rss\/articles\/CBMiZ0FVX3lxTE1JQjVJblM5TkJjYTVULVN3aDJxcnpSN1dZUEUtTnlJSEpZbnMwbG1RQUlPRDRLUy1kbENZRWJvdkFNTE84aUdORlgxMVp5dzU0Y3BHVjM2b2Z3SmVzZkRrMmFycmVJanM?oc=5\" target=\"_blank\" rel=\"nofollow noopener\">Gameday: Kamp om viktiga po\u00e4ng \u2013 F\u00e4rjestad g\u00e4star<\/a>&nbsp;&nbsp;Malm\u00f6 Redhawks<\/li>\n<li><a href=\"https:\/\/news.google.com\/rss\/articles\/CBMivwFBVV95cUxQSG4wSzFFSnh2bjhWYkxsM1dwWkw5elg1cTlMdnlaSV91RDdjUy05Mk5GWXVKYVdCbDNHbEl3RWJ4R196b1hlUVJtek5sSENjZW05SW93MnM5VFM3N1ZnOVdXNFA1TkczdVNOZmNHeGwtSGtQWVpSSEJFWS13VjlFaTFhRkt1RlZEaHhFTTktUC16cjVxQTRJMzM0dEFwd0Q0eHRtc1RiNEs1b3FUemlTNVBLdUR4STFGajRINDZkUQ?oc=5\" target=\"_blank\" rel=\"nofollow noopener\">F\u00e4rjestad f\u00f6rlorade i Malm\u00f6 trots stort bombardemang: \u201dFick inte se n\u00e5gon offensiv glans\u201d<\/a>&nbsp;&nbsp;VF<\/li>\n<\/ol>\n","protected":false},"excerpt":{"rendered":"Ny tung f\u00f6rlust f\u00f6r trubbigt F\u00e4rjestad: \u201dVi jobbar desperat f\u00f6r att vinna\u201d&nbsp;&nbsp;NWT Kr\u00f6nika: Ord jag inte kunde dr\u00f6mma&hellip;\n","protected":false},"author":2,"featured_media":127569,"comment_status":"","ping_status":"","sticky":false,"template":"","format":"standard","meta":{"footnotes":""},"categories":[68],"tags":[34,111,110,31,33,32,30],"class_list":{"0":"post-127568","1":"post","2":"type-post","3":"status-publish","4":"format-standard","5":"has-post-thumbnail","7":"category-sport","8":"tag-se","9":"tag-sport","10":"tag-sports","11":"tag-svenska","12":"tag-sverige","13":"tag-sweden","14":"tag-swedish"},"share_on_mastodon":{"url":"https:\/\/pubeurope.com\/@se\/115849546031458339","error":""},"_links":{"self":[{"href":"https:\/\/www.europesays.com\/se\/wp-json\/wp\/v2\/posts\/127568","targetHints":{"allow":["GET"]}}],"collection":[{"href":"https:\/\/www.europesays.com\/se\/wp-json\/wp\/v2\/posts"}],"about":[{"href":"https:\/\/www.europesays.com\/se\/wp-json\/wp\/v2\/types\/post"}],"author":[{"embeddable":true,"href":"https:\/\/www.europesays.com\/se\/wp-json\/wp\/v2\/users\/2"}],"replies":[{"embeddable":true,"href":"https:\/\/www.europesays.com\/se\/wp-json\/wp\/v2\/comments?post=127568"}],"version-history":[{"count":0,"href":"https:\/\/www.europesays.com\/se\/wp-json\/wp\/v2\/posts\/127568\/revisions"}],"wp:featuredmedia":[{"embeddable":true,"href":"https:\/\/www.europesays.com\/se\/wp-json\/wp\/v2\/media\/127569"}],"wp:attachment":[{"href":"https:\/\/www.europesays.com\/se\/wp-json\/wp\/v2\/media?parent=127568"}],"wp:term":[{"taxonomy":"category","embeddable":true,"href":"https:\/\/www.europesays.com\/se\/wp-json\/wp\/v2\/categories?post=127568"},{"taxonomy":"post_tag","embeddable":true,"href":"https:\/\/www.europesays.com\/se\/wp-json\/wp\/v2\/tags?post=127568"}],"curies":[{"name":"wp","href":"https:\/\/api.w.org\/{rel}","templated":true}]}}