{"id":127570,"date":"2026-01-06T18:22:06","date_gmt":"2026-01-06T18:22:06","guid":{"rendered":"https:\/\/www.europesays.com\/se\/127570\/"},"modified":"2026-01-06T18:22:06","modified_gmt":"2026-01-06T18:22:06","slug":"efter-scarlett-johansson-annu-en-marvel-stjarna-aktuell-for-the-batman-ii","status":"publish","type":"post","link":"https:\/\/www.europesays.com\/se\/127570\/","title":{"rendered":"Efter Scarlett Johansson &#8211; \u00e4nnu en Marvel-stj\u00e4rna aktuell f\u00f6r &#8221;The Batman II&#8221;"},"content":{"rendered":"<p>Har Marvel b\u00f6rjat l\u00e4cka sk\u00e5disar till DC? I slutet av 2025 blev det klart att <a href=\"https:\/\/www.moviezine.se\/nyheter\/rykte-scarlett-johansson-byter-marvel-mot-dc-aktuell-for-the-batman-ii\" rel=\"nofollow noopener\" target=\"_blank\">Scarlett Johansson beger sig till Gotham<\/a> f\u00f6r <strong>Matt Reeves \u201dThe Batman 2\u201d<\/strong>. Nu f\u00e5r hon s\u00e4llskap av \u00e4nnu en Marvelfavorit: enligt <a href=\"https:\/\/deadline.com\/2026\/01\/the-batman-part-ii-sebastian-stan-1236665032\/\" rel=\"nofollow noopener\" target=\"_blank\">Deadline<\/a> \u00e4r ingen mindre \u00e4n <strong>Sebastian Stan<\/strong> i f\u00f6rhandlingar om en roll i filmen.<\/p>\n<p>Stan \u00e4r mest k\u00e4nd f\u00f6r sin roll som <strong>Bucky Barnes\/The Winter Soldier<\/strong> en uppsj\u00f6 MCU-projekt, med start i \u201dCaptain America: The First Avenger\u201d fr\u00e5n 2011 och senast i 2025 \u00e5rs \u201dThunderbolts\u201d. H\u00e4rn\u00e4st kommer han synas i rollen i \u201dAvengers: Doomsday\u201d i december. Ut\u00f6ver rollen som Barnes har Stan \u00e4ven synts i filmer som \u201dThe Apprentice\u201d, \u201dI, Tonya\u201d, \u201dA Different Man\u201d och \u201dThe Martian\u201d. <\/p>\n<p>Vem spelar Stan i \u201dThe Batman II\u201d?<\/p>\n<p>Vilken karakt\u00e4r Sebastian Stan \u00e4r aktuell f\u00f6r \u00e4r i skrivande stund oklart, men min personliga gissning \u00e4r <strong>Harvey Dent\/Two-Face<\/strong>, som <a href=\"https:\/\/www.moviezine.se\/nyheter\/scarlett-johanssons-the-batman-karaktar-kan-ha-kopplingar-till-ikonisk-skurk\" rel=\"nofollow noopener\" target=\"_blank\">enligt ett rykte fr\u00e5n Hollywoodjournalisten Jeff Sneider<\/a> ska vara med i filmen. Stan \u00e4r i r\u00e4tt \u00e5lder f\u00f6r att spela Dent, och hade utan problem gjort rollen r\u00e4ttvisa. Det \u00e4r dock spekulation, och inte fakta \u2013 vi har inte f\u00e5tt det officiellt bekr\u00e4ftat att Dent \u00e4r med i filmen \u2013 och inte heller att Stan skrivit p\u00e5 och \u00e4r klar. <\/p>\n<p>Vad vi d\u00e4remot vet \u00e4r att <strong>Robert Pattinson<\/strong> kommer \u00e5terv\u00e4nda som Batman, tillsammans med <strong>Jeffrey Wright<\/strong> (Gordon) och <strong>Andy Serkis<\/strong> (Alfred), b\u00e4gge fr\u00e5n den f\u00f6rsta filmen. Scarlett Johansson \u00e4r klar f\u00f6r en obekr\u00e4ftad roll. Ett galet rykte som fl\u00f6t omkring en kort stund var att \u00e4ven Brad Pitt skulle vara aktuell f\u00f6r filmen \u2013 <a href=\"https:\/\/www.moviezine.se\/nyheter\/nej-brad-pitt-spelar-inte-skurk-i-the-batman-uppfoljaren\" rel=\"nofollow noopener\" target=\"_blank\">det har dock blivit dementerat<\/a>. <\/p>\n<p>\u201dThe Batman II\u201d f\u00e5r biopremi\u00e4r den 1 oktober 2027. <\/p>\n<p>L\u00e4s ocks\u00e5: <a href=\"https:\/\/www.moviezine.se\/nyheter\/visste-du-att-chase-infiniti-ar-dopt-efter-en-batman-karaktar\" title=\"Visste du att\u2026 Chase Infiniti \u00e4r d\u00f6pt efter en Batman-karakt\u00e4r?\" class=\"underline-custom !font-montserrat !font-bold !underline-offset-4 !decoration-4 !decoration-moviezine-green !text-md\" rel=\"nofollow noopener\" target=\"_blank\">Visste du att\u2026 Chase Infiniti \u00e4r d\u00f6pt efter en Batman-karakt\u00e4r?<\/a><\/p>\n<p>L\u00e4s ocks\u00e5: <a href=\"https:\/\/www.moviezine.se\/nyheter\/visste-du-att-rob-reiner-var-med-i-batman-fran-1966\" title=\"Visste du\u2026 att Rob Reiner var med i \u201dBatman\u201d fr\u00e5n 1966?\" class=\"underline-custom !font-montserrat !font-bold !underline-offset-4 !decoration-4 !decoration-moviezine-green !text-md\" rel=\"nofollow noopener\" target=\"_blank\">Visste du\u2026 att Rob Reiner var med i \u201dBatman\u201d fr\u00e5n 1966?<\/a><\/p>\n<p>L\u00e4s ocks\u00e5: <a href=\"https:\/\/www.moviezine.se\/nyheter\/christopher-nolan-kunde-ha-regisserat-troja-fick-batman-istallet\" title=\"Christopher Nolan kunde ha regisserat \u201dTroja\u201d \u2013 fick Batman ist\u00e4llet\" class=\"underline-custom !font-montserrat !font-bold !underline-offset-4 !decoration-4 !decoration-moviezine-green !text-md\" rel=\"nofollow noopener\" target=\"_blank\">Christopher Nolan kunde ha regisserat \u201dTroja\u201d \u2013 fick Batman ist\u00e4llet<\/a><\/p>\n","protected":false},"excerpt":{"rendered":"Har Marvel b\u00f6rjat l\u00e4cka sk\u00e5disar till DC? I slutet av 2025 blev det klart att Scarlett Johansson beger&hellip;\n","protected":false},"author":2,"featured_media":127571,"comment_status":"","ping_status":"","sticky":false,"template":"","format":"standard","meta":{"footnotes":""},"categories":[67],"tags":[13209,2453,104,34,31,33,32,30,105],"class_list":{"0":"post-127570","1":"post","2":"type-post","3":"status-publish","4":"format-standard","5":"has-post-thumbnail","7":"category-underhallning","8":"tag-batman","9":"tag-casting","10":"tag-entertainment","11":"tag-se","12":"tag-svenska","13":"tag-sverige","14":"tag-sweden","15":"tag-swedish","16":"tag-underhallning"},"share_on_mastodon":{"url":"https:\/\/pubeurope.com\/@se\/115849549753349193","error":""},"_links":{"self":[{"href":"https:\/\/www.europesays.com\/se\/wp-json\/wp\/v2\/posts\/127570","targetHints":{"allow":["GET"]}}],"collection":[{"href":"https:\/\/www.europesays.com\/se\/wp-json\/wp\/v2\/posts"}],"about":[{"href":"https:\/\/www.europesays.com\/se\/wp-json\/wp\/v2\/types\/post"}],"author":[{"embeddable":true,"href":"https:\/\/www.europesays.com\/se\/wp-json\/wp\/v2\/users\/2"}],"replies":[{"embeddable":true,"href":"https:\/\/www.europesays.com\/se\/wp-json\/wp\/v2\/comments?post=127570"}],"version-history":[{"count":0,"href":"https:\/\/www.europesays.com\/se\/wp-json\/wp\/v2\/posts\/127570\/revisions"}],"wp:featuredmedia":[{"embeddable":true,"href":"https:\/\/www.europesays.com\/se\/wp-json\/wp\/v2\/media\/127571"}],"wp:attachment":[{"href":"https:\/\/www.europesays.com\/se\/wp-json\/wp\/v2\/media?parent=127570"}],"wp:term":[{"taxonomy":"category","embeddable":true,"href":"https:\/\/www.europesays.com\/se\/wp-json\/wp\/v2\/categories?post=127570"},{"taxonomy":"post_tag","embeddable":true,"href":"https:\/\/www.europesays.com\/se\/wp-json\/wp\/v2\/tags?post=127570"}],"curies":[{"name":"wp","href":"https:\/\/api.w.org\/{rel}","templated":true}]}}