{"id":127577,"date":"2026-01-06T18:36:07","date_gmt":"2026-01-06T18:36:07","guid":{"rendered":"https:\/\/www.europesays.com\/se\/127577\/"},"modified":"2026-01-06T18:36:07","modified_gmt":"2026-01-06T18:36:07","slug":"sverige-redo-att-skicka-gripen-till-ukraina","status":"publish","type":"post","link":"https:\/\/www.europesays.com\/se\/127577\/","title":{"rendered":"Sverige redo att skicka Gripen till Ukraina"},"content":{"rendered":"<p>\u2013 Vi ska vara del av en bredare insats efter en fredsuppg\u00f6relse. D\u00e5 har Sverige sagt att vi \u00e4r beredda att b\u00e5de bidra med luft\u00f6vervakning i form av Gripen-flygplan som ett av de l\u00e4nder som bidrar med kapacitet i luften, men ocks\u00e5 med minr\u00f6jningsf\u00f6rm\u00e5gor i Svarta havet, s\u00e4ger Kristersson.<\/p>\n<p>Han s\u00e4ger vidare att Sverige kommer att forts\u00e4tta sin insats f\u00f6r att utbilda \u201dsoldater och officerare i Ukraina i ambitionen att bygga ett starkt ukrainskt f\u00f6rsvar \u00e4ven efter fredsavtal\u201d.<\/p>\n","protected":false},"excerpt":{"rendered":"\u2013 Vi ska vara del av en bredare insats efter en fredsuppg\u00f6relse. D\u00e5 har Sverige sagt att vi&hellip;\n","protected":false},"author":2,"featured_media":127578,"comment_status":"","ping_status":"","sticky":false,"template":"","format":"standard","meta":{"footnotes":""},"categories":[12],"tags":[22,23,26,27,17,21,24,25,28,29,15,16,18,34,31,33,32,30,19,20],"class_list":{"0":"post-127577","1":"post","2":"type-post","3":"status-publish","4":"format-standard","5":"has-post-thumbnail","7":"category-sverige","8":"tag-breaking-news","9":"tag-breakingnews","10":"tag-featured-news","11":"tag-featurednews","12":"tag-headlines","13":"tag-huvudnyheter","14":"tag-latest-news","15":"tag-latestnews","16":"tag-main-news","17":"tag-mainnews","18":"tag-news","19":"tag-nyheter","20":"tag-rubriker","21":"tag-se","22":"tag-svenska","23":"tag-sverige","24":"tag-sweden","25":"tag-swedish","26":"tag-top-stories","27":"tag-topstories"},"share_on_mastodon":{"url":"https:\/\/pubeurope.com\/@se\/115849604925468794","error":""},"_links":{"self":[{"href":"https:\/\/www.europesays.com\/se\/wp-json\/wp\/v2\/posts\/127577","targetHints":{"allow":["GET"]}}],"collection":[{"href":"https:\/\/www.europesays.com\/se\/wp-json\/wp\/v2\/posts"}],"about":[{"href":"https:\/\/www.europesays.com\/se\/wp-json\/wp\/v2\/types\/post"}],"author":[{"embeddable":true,"href":"https:\/\/www.europesays.com\/se\/wp-json\/wp\/v2\/users\/2"}],"replies":[{"embeddable":true,"href":"https:\/\/www.europesays.com\/se\/wp-json\/wp\/v2\/comments?post=127577"}],"version-history":[{"count":0,"href":"https:\/\/www.europesays.com\/se\/wp-json\/wp\/v2\/posts\/127577\/revisions"}],"wp:featuredmedia":[{"embeddable":true,"href":"https:\/\/www.europesays.com\/se\/wp-json\/wp\/v2\/media\/127578"}],"wp:attachment":[{"href":"https:\/\/www.europesays.com\/se\/wp-json\/wp\/v2\/media?parent=127577"}],"wp:term":[{"taxonomy":"category","embeddable":true,"href":"https:\/\/www.europesays.com\/se\/wp-json\/wp\/v2\/categories?post=127577"},{"taxonomy":"post_tag","embeddable":true,"href":"https:\/\/www.europesays.com\/se\/wp-json\/wp\/v2\/tags?post=127577"}],"curies":[{"name":"wp","href":"https:\/\/api.w.org\/{rel}","templated":true}]}}