{"id":127587,"date":"2026-01-06T18:45:29","date_gmt":"2026-01-06T18:45:29","guid":{"rendered":"https:\/\/www.europesays.com\/se\/127587\/"},"modified":"2026-01-06T18:45:29","modified_gmt":"2026-01-06T18:45:29","slug":"stora-storningar-i-busstrafiken-under-mandagen","status":"publish","type":"post","link":"https:\/\/www.europesays.com\/se\/127587\/","title":{"rendered":"Stora st\u00f6rningar i busstrafiken under m\u00e5ndagen"},"content":{"rendered":"<p><strong>Busslinjerna i J\u00e4rva har p\u00e5 grund av sn\u00f6n och det hala v\u00e4glaget haft flera inst\u00e4llda avg\u00e5ngar och uteblivna k\u00f6rningar i J\u00e4rva.<br \/>\u2013 Problemen med den h\u00e4r busslinjen tar aldrig slut, s\u00e4ger en \u00e4ldre dam som t\u00e4nkt \u00e5ka 179:an fr\u00e5n Rinkeby centrum.<\/strong><\/p>\n<p>Under m\u00e5ndagen har busslinjerna 179, 514 och 540 under flera timmar varken stannat i Rinkeby, Tensta eller Kista. F\u00f6ljden har blivit att flera inv\u00e5nare inte kunnat ta sig fram som vanligt. <\/p>\n<p>\u2013 Jag har f\u00f6rs\u00f6kt ta mig till Kista f\u00f6r att handla, flera dagar i rad och det \u00e4r helt om\u00f6jligt. Sj\u00e4lvklart g\u00e5r det att ta tunnelbanan, men med min rullator och tunga kassar blir det v\u00e4ldigt p\u00e5frestande att ta en omv\u00e4g med byten, s\u00e4ger en \u00e4ldre dam i Rinkeby, som inte vill bli fotograferad.<\/p>\n<p>En annan resen\u00e4r, Rinkebybon Elena Eek, f\u00f6rs\u00f6kte ringa till SL f\u00f6r mer information kring trafik uppeh\u00e5llet under s\u00f6ndagen och m\u00f6ttes av en telefonk\u00f6 som var 45 minuter l\u00e5ng.<\/p>\n<blockquote>\n<p>Vi kan inte ta n\u00e5gra risker<\/p>\n<\/blockquote>\n<p>\u2013 Det \u00e4r extremt sjukt att ingen vill ta tag i problemet och hitta l\u00f6sningar. Det \u00e4r kr\u00e5ngligt att hitta information och de man faktiskt f\u00e5r prata med h\u00e4nvisar bara till n\u00e5gon annan hela tiden, s\u00e4ger hon.<\/p>\n<p>Busslinjerna som k\u00f6r mellan Rinkeby och Kista, framf\u00f6rallt 179:an, \u00e4r ofta \u00f6verbelastade med mycket tr\u00e4ngsel, och m\u00e5nga drabbas n\u00e4r trafiken uteblir. SL h\u00e4nvisar till att det \u00e4r kommunens ansvar att se till att framkomligheten \u00e4r god, s\u00e5 att deras chauff\u00f6rer kan k\u00f6ra sina rundor.<\/p>\n<p>\u2013 Vi kan inte ta n\u00e5gra risker. Till\u00e5ter inte v\u00e4glaget k\u00f6rning kan inte vi riskera en eventuell olycka, s\u00e4ger SLs presskontakt Aleksander Krajisnik.<\/p>\n<p>Enligt SL:s webbplats p\u00e5 m\u00e5ndag eftermiddag kommer busslinjerna 179, 514 och 540 ha omlagda k\u00f6rv\u00e4gar under hela dagen. D\u00e4r st\u00e5r ocks\u00e5 att alla tider som anges \u00e4r prelimin\u00e4ra och kan komma att \u00e4ndras.<\/p>\n<p><strong>Sanna Konnander<\/strong>\n<\/p>\n<p>                    <a href=\"#\" rel=\"nofollow\" onclick=\"window.print(); return false;\" title=\"Printer Friendly, PDF &amp; Email\"><br \/>\n                    <img decoding=\"async\" class=\"pf-button-img\" src=\"https:\/\/www.europesays.com\/se\/wp-content\/uploads\/2025\/08\/printfriendly-pdf-button-nobg-md.png\" alt=\"Print Friendly, PDF &amp; Email\" style=\"width: 124px;height: 30px;\"\/><br \/>\n                    <\/a><\/p>\n","protected":false},"excerpt":{"rendered":"Busslinjerna i J\u00e4rva har p\u00e5 grund av sn\u00f6n och det hala v\u00e4glaget haft flera inst\u00e4llda avg\u00e5ngar och uteblivna&hellip;\n","protected":false},"author":2,"featured_media":127588,"comment_status":"","ping_status":"","sticky":false,"template":"","format":"standard","meta":{"footnotes":""},"categories":[5],"tags":[22,23,13210,13211,26,27,12181,17,21,1430,1248,24,25,28,29,15,16,6741,18,34,9254,12865,31,33,32,30,10994,19,1432,20],"class_list":{"0":"post-127587","1":"post","2":"type-post","3":"status-publish","4":"format-standard","5":"has-post-thumbnail","7":"category-rubriker","8":"tag-breaking-news","9":"tag-breakingnews","10":"tag-buss","11":"tag-buss-179","12":"tag-featured-news","13":"tag-featurednews","14":"tag-framkomlighet","15":"tag-headlines","16":"tag-huvudnyheter","17":"tag-kista","18":"tag-kollektivtrafik","19":"tag-latest-news","20":"tag-latestnews","21":"tag-main-news","22":"tag-mainnews","23":"tag-news","24":"tag-nyheter","25":"tag-rinkeby","26":"tag-rubriker","27":"tag-se","28":"tag-sl","29":"tag-snokaos","30":"tag-svenska","31":"tag-sverige","32":"tag-sweden","33":"tag-swedish","34":"tag-tensta","35":"tag-top-stories","36":"tag-topp","37":"tag-topstories"},"share_on_mastodon":{"url":"https:\/\/pubeurope.com\/@se\/115849640244959810","error":""},"_links":{"self":[{"href":"https:\/\/www.europesays.com\/se\/wp-json\/wp\/v2\/posts\/127587","targetHints":{"allow":["GET"]}}],"collection":[{"href":"https:\/\/www.europesays.com\/se\/wp-json\/wp\/v2\/posts"}],"about":[{"href":"https:\/\/www.europesays.com\/se\/wp-json\/wp\/v2\/types\/post"}],"author":[{"embeddable":true,"href":"https:\/\/www.europesays.com\/se\/wp-json\/wp\/v2\/users\/2"}],"replies":[{"embeddable":true,"href":"https:\/\/www.europesays.com\/se\/wp-json\/wp\/v2\/comments?post=127587"}],"version-history":[{"count":0,"href":"https:\/\/www.europesays.com\/se\/wp-json\/wp\/v2\/posts\/127587\/revisions"}],"wp:featuredmedia":[{"embeddable":true,"href":"https:\/\/www.europesays.com\/se\/wp-json\/wp\/v2\/media\/127588"}],"wp:attachment":[{"href":"https:\/\/www.europesays.com\/se\/wp-json\/wp\/v2\/media?parent=127587"}],"wp:term":[{"taxonomy":"category","embeddable":true,"href":"https:\/\/www.europesays.com\/se\/wp-json\/wp\/v2\/categories?post=127587"},{"taxonomy":"post_tag","embeddable":true,"href":"https:\/\/www.europesays.com\/se\/wp-json\/wp\/v2\/tags?post=127587"}],"curies":[{"name":"wp","href":"https:\/\/api.w.org\/{rel}","templated":true}]}}