{"id":127591,"date":"2026-01-06T18:48:13","date_gmt":"2026-01-06T18:48:13","guid":{"rendered":"https:\/\/www.europesays.com\/se\/127591\/"},"modified":"2026-01-06T18:48:13","modified_gmt":"2026-01-06T18:48:13","slug":"nar-mamma-var-bortrest-theo-wahlgrens-nyarsfirande-fick-ovantad-vandning","status":"publish","type":"post","link":"https:\/\/www.europesays.com\/se\/127591\/","title":{"rendered":"N\u00e4r mamma var bortrest: Theo Wahlgrens ny\u00e5rsfirande fick ov\u00e4ntad v\u00e4ndning"},"content":{"rendered":"\n<p>Publicerad den 6 januari 2026 av Metro Mode<\/p>\n<p><strong>N\u00e4r mamma \u00e4r bortrest kan det h\u00e4nda saker. Det fick Pernilla Wahlgren erfara efter ny\u00e5rsfirandet \u2013 d\u00e5 sonen Theo Wahlgren, 18, passade p\u00e5 att bjuda in till hemmafest i Villa Wahlgren.<\/strong><\/p>\n<p><img loading=\"lazy\" decoding=\"async\" width=\"1200\" height=\"800\" src=\"https:\/\/www.europesays.com\/se\/wp-content\/uploads\/2026\/01\/nar-mamma-var-bortrest-theo-wahlgrens-nyarsfirande-fick-ovantad-vandning.jpg\" alt=\"\" class=\"wp-image-411722\"\/>Foto: Instagram @pernillawahlgren<\/p>\n<p>Medan Pernilla firade in det nya \u00e5ret i Spanien tog Theo tillf\u00e4llet i akt att samla sina v\u00e4nner hemma. N\u00e5got som Pernillas poddpartner Sofia Wistam redan hade f\u00f6rutsp\u00e5tt.<\/p>\n<p>\u2013 Pernilla, han kan inte vara hemma i huset sj\u00e4lv. Trust me \u2013 det blir fest, s\u00e4ger Sofia i podden <a href=\"https:\/\/poddtoppen.se\/podcast\/973949360\/wahlgren-wistam\" rel=\"nofollow noopener\" target=\"_blank\">Wahlgren &amp; Wistam<\/a>.<\/p>\n<p><strong>\u201dJag s\u00e5g p\u00e5 kameran att det var mycket folk\u201d<\/strong><\/p>\n<p>Pernilla ber\u00e4ttar att planen fr\u00e5n b\u00f6rjan var betydligt lugnare: en middag hemma innan Theo och hans v\u00e4nner skulle vidare p\u00e5 fest. Men efter tolvslaget hittade g\u00e4nget tillbaka till huset \u2013 och firandet fortsatte.<\/p>\n<p>\u2013 Jag s\u00e5g p\u00e5 kameran att det var v\u00e4ldigt mycket folk som gick in och ut, ber\u00e4ttar Pernilla i podden.<\/p>\n<p>Sofia fr\u00e5gar om hon fick panik \u2013 men Pernilla h\u00e5ller huvudet kallt.<\/p>\n<p>\u2013 Nej, det var inte galet m\u00e5nga m\u00e4nniskor. Det var inte som p\u00e5 Biancas tid n\u00e4r det var k\u00f6 utanf\u00f6r huset, s\u00e4ger hon med ett skratt.<\/p>\n<p><strong>Olyckan som satte stopp f\u00f6r festen<\/strong><\/p>\n<p>Helt dramafritt blev det dock inte. Under kv\u00e4llen tappade en av Theos v\u00e4nner ett v\u00e4rmeljus p\u00e5 toaletten, vilket resulterade i krossat porslin.<\/p>\n<p>\u2013 En toalett har g\u00e5tt s\u00f6nder, konstaterar Pernilla.<\/p>\n<p>Men n\u00e5gon familjekris blev det aldrig.<\/p>\n<p>\u2013 Den killen som gjorde det kommer f\u00e5 ers\u00e4tta, s\u00e4ger hon och till\u00e4gger att det h\u00e4r faktiskt \u00e4r f\u00f6rsta g\u00e5ngen n\u00e5got st\u00f6rre g\u00e5tt s\u00f6nder hemma hos Theo.<\/p>\n<p><strong>Pernilla n\u00f6jd trots allt<\/strong><\/p>\n<p>Trots den trasiga toaletten \u00e4r Pernilla mestadels positiv till hur sonen hanterade situationen \u2013 och det viktigaste av allt: huset var st\u00e4dat n\u00e4r hon kom hem.<\/p>\n<p>\u2013 Det \u00e4r v\u00e4rldsliga saker. Det \u00e4r en toalett, den g\u00e5r att byta ut och laga, s\u00e4ger hon.<\/p>\n","protected":false},"excerpt":{"rendered":"Publicerad den 6 januari 2026 av Metro Mode N\u00e4r mamma \u00e4r bortrest kan det h\u00e4nda saker. Det fick&hellip;\n","protected":false},"author":2,"featured_media":127592,"comment_status":"","ping_status":"","sticky":false,"template":"","format":"standard","meta":{"footnotes":""},"categories":[67],"tags":[104,34,31,33,32,30,105],"class_list":{"0":"post-127591","1":"post","2":"type-post","3":"status-publish","4":"format-standard","5":"has-post-thumbnail","7":"category-underhallning","8":"tag-entertainment","9":"tag-se","10":"tag-svenska","11":"tag-sverige","12":"tag-sweden","13":"tag-swedish","14":"tag-underhallning"},"share_on_mastodon":{"url":"https:\/\/pubeurope.com\/@se\/115849652017756086","error":""},"_links":{"self":[{"href":"https:\/\/www.europesays.com\/se\/wp-json\/wp\/v2\/posts\/127591","targetHints":{"allow":["GET"]}}],"collection":[{"href":"https:\/\/www.europesays.com\/se\/wp-json\/wp\/v2\/posts"}],"about":[{"href":"https:\/\/www.europesays.com\/se\/wp-json\/wp\/v2\/types\/post"}],"author":[{"embeddable":true,"href":"https:\/\/www.europesays.com\/se\/wp-json\/wp\/v2\/users\/2"}],"replies":[{"embeddable":true,"href":"https:\/\/www.europesays.com\/se\/wp-json\/wp\/v2\/comments?post=127591"}],"version-history":[{"count":0,"href":"https:\/\/www.europesays.com\/se\/wp-json\/wp\/v2\/posts\/127591\/revisions"}],"wp:featuredmedia":[{"embeddable":true,"href":"https:\/\/www.europesays.com\/se\/wp-json\/wp\/v2\/media\/127592"}],"wp:attachment":[{"href":"https:\/\/www.europesays.com\/se\/wp-json\/wp\/v2\/media?parent=127591"}],"wp:term":[{"taxonomy":"category","embeddable":true,"href":"https:\/\/www.europesays.com\/se\/wp-json\/wp\/v2\/categories?post=127591"},{"taxonomy":"post_tag","embeddable":true,"href":"https:\/\/www.europesays.com\/se\/wp-json\/wp\/v2\/tags?post=127591"}],"curies":[{"name":"wp","href":"https:\/\/api.w.org\/{rel}","templated":true}]}}